{"id":6692,"date":"2018-07-07T18:22:31","date_gmt":"2018-07-07T16:22:31","guid":{"rendered":"http:\/\/le-campus.org\/blog\/?p=6692"},"modified":"2018-07-07T18:22:31","modified_gmt":"2018-07-07T16:22:31","slug":"tour-de-france-le-7-juillet-2018","status":"publish","type":"post","link":"https:\/\/le-campus.org\/blog\/2018\/07\/tour-de-france-le-7-juillet-2018\/","title":{"rendered":"Tour de France le 7 juillet 2018"},"content":{"rendered":"<p>Superbe journ\u00e9e ensoleill\u00e9e pour la 1ere \u00e9tape du Tour de France 2018 \u00e0 Ste Radegonde :)!<\/p>\n<p>Merci aux jeunes pour ce moment de partage et de joie, ainsi qu&rsquo;\u00e0 C\u00e9line pour nous avoir accueilli, pour <a href=\"https:\/\/i0.wp.com\/le-campus.org\/blog\/wp-content\/uploads\/2018\/07\/20180707_100809.jpg\"><img data-recalc-dims=\"1\" loading=\"lazy\" decoding=\"async\" class=\"alignright size-medium wp-image-6693\" src=\"https:\/\/i0.wp.com\/le-campus.org\/blog\/wp-content\/uploads\/2018\/07\/20180707_100809-300x169.jpg?resize=300%2C169\" alt=\"\" width=\"300\" height=\"169\"><\/a> <a href=\"https:\/\/i0.wp.com\/le-campus.org\/blog\/wp-content\/uploads\/2018\/07\/20180707_111455.jpg\"><img data-recalc-dims=\"1\" loading=\"lazy\" decoding=\"async\" class=\"alignright size-medium wp-image-6694\" src=\"https:\/\/i0.wp.com\/le-campus.org\/blog\/wp-content\/uploads\/2018\/07\/20180707_111455-300x169.jpg?resize=300%2C169\" alt=\"\" width=\"300\" height=\"169\"><\/a> <a href=\"https:\/\/i0.wp.com\/le-campus.org\/blog\/wp-content\/uploads\/2018\/07\/20180707_112933.jpg\"><img data-recalc-dims=\"1\" loading=\"lazy\" decoding=\"async\" class=\"alignright size-medium wp-image-6695\" src=\"https:\/\/i0.wp.com\/le-campus.org\/blog\/wp-content\/uploads\/2018\/07\/20180707_112933-300x169.jpg?resize=300%2C169\" alt=\"\" width=\"300\" height=\"169\"><\/a> <a href=\"https:\/\/i0.wp.com\/le-campus.org\/blog\/wp-content\/uploads\/2018\/07\/20180707_143809.jpg\"><img data-recalc-dims=\"1\" loading=\"lazy\" decoding=\"async\" class=\"alignright size-medium wp-image-6696\" src=\"https:\/\/i0.wp.com\/le-campus.org\/blog\/wp-content\/uploads\/2018\/07\/20180707_143809-300x169.jpg?resize=300%2C169\" alt=\"\" width=\"300\" height=\"169\"><\/a> <a href=\"https:\/\/i0.wp.com\/le-campus.org\/blog\/wp-content\/uploads\/2018\/07\/20180707_143812.jpg\"><img data-recalc-dims=\"1\" loading=\"lazy\" decoding=\"async\" class=\"alignright size-medium wp-image-6697\" src=\"https:\/\/i0.wp.com\/le-campus.org\/blog\/wp-content\/uploads\/2018\/07\/20180707_143812-300x169.jpg?resize=300%2C169\" alt=\"\" width=\"300\" height=\"169\"><\/a> <a href=\"https:\/\/i0.wp.com\/le-campus.org\/blog\/wp-content\/uploads\/2018\/07\/20180707_145418.jpg\"><img data-recalc-dims=\"1\" loading=\"lazy\" decoding=\"async\" class=\"alignright size-medium wp-image-6698\" src=\"https:\/\/i0.wp.com\/le-campus.org\/blog\/wp-content\/uploads\/2018\/07\/20180707_145418-300x169.jpg?resize=300%2C169\" alt=\"\" width=\"300\" height=\"169\"><\/a> <a href=\"https:\/\/i0.wp.com\/le-campus.org\/blog\/wp-content\/uploads\/2018\/07\/20180707_152235.jpg\"><img data-recalc-dims=\"1\" loading=\"lazy\" decoding=\"async\" class=\"alignright size-medium wp-image-6699\" src=\"https:\/\/i0.wp.com\/le-campus.org\/blog\/wp-content\/uploads\/2018\/07\/20180707_152235-300x169.jpg?resize=300%2C169\" alt=\"\" width=\"300\" height=\"169\"><\/a> <a href=\"https:\/\/i0.wp.com\/le-campus.org\/blog\/wp-content\/uploads\/2018\/07\/20180707_173623.jpg\"><img data-recalc-dims=\"1\" loading=\"lazy\" decoding=\"async\" class=\"alignright wp-image-6700 size-medium\" src=\"https:\/\/i0.wp.com\/le-campus.org\/blog\/wp-content\/uploads\/2018\/07\/20180707_173623-e1530980488251-169x300.jpg?resize=169%2C300\" alt=\"\" width=\"169\" height=\"300\"><\/a> <a href=\"https:\/\/i0.wp.com\/le-campus.org\/blog\/wp-content\/uploads\/2018\/07\/received_464646877308885.jpeg\"><img data-recalc-dims=\"1\" loading=\"lazy\" decoding=\"async\" class=\"alignright size-medium wp-image-6701\" src=\"https:\/\/i0.wp.com\/le-campus.org\/blog\/wp-content\/uploads\/2018\/07\/received_464646877308885-300x169.jpeg?resize=300%2C169\" alt=\"\" width=\"300\" height=\"169\"><\/a> <a href=\"https:\/\/i0.wp.com\/le-campus.org\/blog\/wp-content\/uploads\/2018\/07\/received_464647397308833.jpeg\"><img data-recalc-dims=\"1\" loading=\"lazy\" decoding=\"async\" class=\"alignright size-medium wp-image-6702\" src=\"https:\/\/i0.wp.com\/le-campus.org\/blog\/wp-content\/uploads\/2018\/07\/received_464647397308833-300x169.jpeg?resize=300%2C169\" alt=\"\" width=\"300\" height=\"169\"><\/a> <a href=\"https:\/\/i0.wp.com\/le-campus.org\/blog\/wp-content\/uploads\/2018\/07\/received_464647577308815.jpeg\"><img data-recalc-dims=\"1\" loading=\"lazy\" decoding=\"async\" class=\"alignright size-medium wp-image-6703\" src=\"https:\/\/i0.wp.com\/le-campus.org\/blog\/wp-content\/uploads\/2018\/07\/received_464647577308815-300x169.jpeg?resize=300%2C169\" alt=\"\" width=\"300\" height=\"169\"><\/a> <a href=\"https:\/\/i0.wp.com\/le-campus.org\/blog\/wp-content\/uploads\/2018\/07\/received_464647700642136.jpeg\"><img data-recalc-dims=\"1\" loading=\"lazy\" decoding=\"async\" class=\"alignright size-medium wp-image-6704\" src=\"https:\/\/i0.wp.com\/le-campus.org\/blog\/wp-content\/uploads\/2018\/07\/received_464647700642136-300x169.jpeg?resize=300%2C169\" alt=\"\" width=\"300\" height=\"169\"><\/a> <a href=\"https:\/\/i0.wp.com\/le-campus.org\/blog\/wp-content\/uploads\/2018\/07\/received_464647830642123.jpeg\"><img data-recalc-dims=\"1\" loading=\"lazy\" decoding=\"async\" class=\"alignright size-medium wp-image-6705\" src=\"https:\/\/i0.wp.com\/le-campus.org\/blog\/wp-content\/uploads\/2018\/07\/received_464647830642123-300x169.jpeg?resize=300%2C169\" alt=\"\" width=\"300\" height=\"169\"><\/a> <a href=\"https:\/\/i0.wp.com\/le-campus.org\/blog\/wp-content\/uploads\/2018\/07\/received_1677800135652255.jpeg\"><img data-recalc-dims=\"1\" loading=\"lazy\" decoding=\"async\" class=\"alignright size-medium wp-image-6706\" src=\"https:\/\/i0.wp.com\/le-campus.org\/blog\/wp-content\/uploads\/2018\/07\/received_1677800135652255-300x169.jpeg?resize=300%2C169\" alt=\"\" width=\"300\" height=\"169\"><\/a> <a href=\"https:\/\/i0.wp.com\/le-campus.org\/blog\/wp-content\/uploads\/2018\/07\/received_1677801258985476.jpeg\"><img data-recalc-dims=\"1\" loading=\"lazy\" decoding=\"async\" class=\"alignright size-medium wp-image-6707\" src=\"https:\/\/i0.wp.com\/le-campus.org\/blog\/wp-content\/uploads\/2018\/07\/received_1677801258985476-300x169.jpeg?resize=300%2C169\" alt=\"\" width=\"300\" height=\"169\"><\/a> <a href=\"https:\/\/i0.wp.com\/le-campus.org\/blog\/wp-content\/uploads\/2018\/07\/received_1677802415652027.jpeg\"><img data-recalc-dims=\"1\" loading=\"lazy\" decoding=\"async\" class=\"alignright size-medium wp-image-6708\" src=\"https:\/\/i0.wp.com\/le-campus.org\/blog\/wp-content\/uploads\/2018\/07\/received_1677802415652027-300x169.jpeg?resize=300%2C169\" alt=\"\" width=\"300\" height=\"169\"><\/a> <a href=\"https:\/\/i0.wp.com\/le-campus.org\/blog\/wp-content\/uploads\/2018\/07\/received_1677802705651998.jpeg\"><img data-recalc-dims=\"1\" loading=\"lazy\" decoding=\"async\" class=\"alignright size-medium wp-image-6709\" src=\"https:\/\/i0.wp.com\/le-campus.org\/blog\/wp-content\/uploads\/2018\/07\/received_1677802705651998-300x169.jpeg?resize=300%2C169\" alt=\"\" width=\"300\" height=\"169\"><\/a> <a href=\"https:\/\/i0.wp.com\/le-campus.org\/blog\/wp-content\/uploads\/2018\/07\/received_1677803215651947.jpeg\"><img data-recalc-dims=\"1\" loading=\"lazy\" decoding=\"async\" class=\"alignright size-medium wp-image-6710\" src=\"https:\/\/i0.wp.com\/le-campus.org\/blog\/wp-content\/uploads\/2018\/07\/received_1677803215651947-300x169.jpeg?resize=300%2C169\" alt=\"\" width=\"300\" height=\"169\"><\/a> <a href=\"https:\/\/i0.wp.com\/le-campus.org\/blog\/wp-content\/uploads\/2018\/07\/received_1677803828985219.jpeg\"><img data-recalc-dims=\"1\" loading=\"lazy\" decoding=\"async\" class=\"alignright size-medium wp-image-6711\" src=\"https:\/\/i0.wp.com\/le-campus.org\/blog\/wp-content\/uploads\/2018\/07\/received_1677803828985219-300x169.jpeg?resize=300%2C169\" alt=\"\" width=\"300\" height=\"169\"><\/a> <a href=\"https:\/\/i0.wp.com\/le-campus.org\/blog\/wp-content\/uploads\/2018\/07\/received_1677803888985213.jpeg\"><img data-recalc-dims=\"1\" loading=\"lazy\" decoding=\"async\" class=\"alignright size-medium wp-image-6712\" src=\"https:\/\/i0.wp.com\/le-campus.org\/blog\/wp-content\/uploads\/2018\/07\/received_1677803888985213-300x169.jpeg?resize=300%2C169\" alt=\"\" width=\"300\" height=\"169\"><\/a> <a href=\"https:\/\/i0.wp.com\/le-campus.org\/blog\/wp-content\/uploads\/2018\/07\/received_1677805682318367.jpeg\"><img data-recalc-dims=\"1\" loading=\"lazy\" decoding=\"async\" class=\"alignright size-medium wp-image-6713\" src=\"https:\/\/i0.wp.com\/le-campus.org\/blog\/wp-content\/uploads\/2018\/07\/received_1677805682318367-300x169.jpeg?resize=300%2C169\" alt=\"\" width=\"300\" height=\"169\"><\/a> <a href=\"https:\/\/i0.wp.com\/le-campus.org\/blog\/wp-content\/uploads\/2018\/07\/received_1677807478984854.jpeg\"><img data-recalc-dims=\"1\" loading=\"lazy\" decoding=\"async\" class=\"alignright size-medium wp-image-6714\" src=\"https:\/\/i0.wp.com\/le-campus.org\/blog\/wp-content\/uploads\/2018\/07\/received_1677807478984854-300x169.jpeg?resize=300%2C169\" alt=\"\" width=\"300\" height=\"169\"><\/a> <a href=\"https:\/\/i0.wp.com\/le-campus.org\/blog\/wp-content\/uploads\/2018\/07\/received_1677860288979573.jpeg\"><img data-recalc-dims=\"1\" loading=\"lazy\" decoding=\"async\" class=\"alignright size-medium wp-image-6715\" src=\"https:\/\/i0.wp.com\/le-campus.org\/blog\/wp-content\/uploads\/2018\/07\/received_1677860288979573-300x169.jpeg?resize=300%2C169\" alt=\"\" width=\"300\" height=\"169\"><\/a>sa gentillesse et sa g\u00e9n\u00e9rosit\u00e9 \ud83d\ude09 !<\/p>\n<p>Et vive le Tour de France !!!<\/p>\n","protected":false},"excerpt":{"rendered":"<p>Superbe journ\u00e9e ensoleill\u00e9e pour la 1ere \u00e9tape du Tour de France 2018 \u00e0 Ste Radegonde :)! Merci aux jeunes pour ce moment de partage et de joie, ainsi qu&rsquo;\u00e0 C\u00e9line &#8230;<\/p>\n","protected":false},"author":1,"featured_media":0,"comment_status":"open","ping_status":"open","sticky":false,"template":"","format":"standard","meta":{"jetpack_post_was_ever_published":false,"_jetpack_newsletter_access":"","_jetpack_dont_email_post_to_subs":false,"_jetpack_newsletter_tier_id":0,"_jetpack_memberships_contains_paywalled_content":false,"_jetpack_memberships_contains_paid_content":false,"footnotes":"","jetpack_publicize_message":"","jetpack_publicize_feature_enabled":true,"jetpack_social_post_already_shared":true,"jetpack_social_options":{"image_generator_settings":{"template":"highway","enabled":false},"version":2}},"categories":[32],"tags":[],"jetpack_publicize_connections":[],"yoast_head":"<!-- This site is optimized with the Yoast SEO plugin v20.1 - https:\/\/yoast.com\/wordpress\/plugins\/seo\/ -->\n<title>Tour de France le 7 juillet 2018 - Le Campus Espace Jeunes<\/title>\n<meta name=\"robots\" content=\"index, follow, max-snippet:-1, max-image-preview:large, max-video-preview:-1\" \/>\n<link rel=\"canonical\" href=\"https:\/\/le-campus.org\/blog\/2018\/07\/tour-de-france-le-7-juillet-2018\/\" \/>\n<meta property=\"og:locale\" content=\"fr_FR\" \/>\n<meta property=\"og:type\" content=\"article\" \/>\n<meta property=\"og:title\" content=\"Tour de France le 7 juillet 2018 - Le Campus Espace Jeunes\" \/>\n<meta property=\"og:description\" content=\"Superbe journ\u00e9e ensoleill\u00e9e pour la 1ere \u00e9tape du Tour de France 2018 \u00e0 Ste Radegonde :)! Merci aux jeunes pour ce moment de partage et de joie, ainsi qu&rsquo;\u00e0 C\u00e9line ...\" \/>\n<meta property=\"og:url\" content=\"https:\/\/le-campus.org\/blog\/2018\/07\/tour-de-france-le-7-juillet-2018\/\" \/>\n<meta property=\"og:site_name\" content=\"Le Campus Espace Jeunes\" \/>\n<meta property=\"article:publisher\" content=\"https:\/\/www.facebook.com\/pages\/Le-Campus-Espace-Jeunes\/357197730957345\" \/>\n<meta property=\"article:published_time\" content=\"2018-07-07T16:22:31+00:00\" \/>\n<meta property=\"og:image\" content=\"http:\/\/le-campus.org\/blog\/wp-content\/uploads\/2018\/07\/20180707_100809-300x169.jpg\" \/>\n<meta name=\"author\" content=\"Campus\" \/>\n<meta name=\"twitter:label1\" content=\"\u00c9crit par\" \/>\n\t<meta name=\"twitter:data1\" content=\"Campus\" \/>\n<script type=\"application\/ld+json\" class=\"yoast-schema-graph\">{\"@context\":\"https:\/\/schema.org\",\"@graph\":[{\"@type\":\"Article\",\"@id\":\"https:\/\/le-campus.org\/blog\/2018\/07\/tour-de-france-le-7-juillet-2018\/#article\",\"isPartOf\":{\"@id\":\"https:\/\/le-campus.org\/blog\/2018\/07\/tour-de-france-le-7-juillet-2018\/\"},\"author\":{\"name\":\"Campus\",\"@id\":\"https:\/\/le-campus.org\/blog\/#\/schema\/person\/9ced2dad69dc0c691c1bab80d5bcbbd5\"},\"headline\":\"Tour de France le 7 juillet 2018\",\"datePublished\":\"2018-07-07T16:22:31+00:00\",\"dateModified\":\"2018-07-07T16:22:31+00:00\",\"mainEntityOfPage\":{\"@id\":\"https:\/\/le-campus.org\/blog\/2018\/07\/tour-de-france-le-7-juillet-2018\/\"},\"wordCount\":53,\"commentCount\":0,\"publisher\":{\"@id\":\"https:\/\/le-campus.org\/blog\/#organization\"},\"articleSection\":[\"Informations\"],\"inLanguage\":\"fr-FR\",\"potentialAction\":[{\"@type\":\"CommentAction\",\"name\":\"Comment\",\"target\":[\"https:\/\/le-campus.org\/blog\/2018\/07\/tour-de-france-le-7-juillet-2018\/#respond\"]}]},{\"@type\":\"WebPage\",\"@id\":\"https:\/\/le-campus.org\/blog\/2018\/07\/tour-de-france-le-7-juillet-2018\/\",\"url\":\"https:\/\/le-campus.org\/blog\/2018\/07\/tour-de-france-le-7-juillet-2018\/\",\"name\":\"Tour de France le 7 juillet 2018 - Le Campus Espace Jeunes\",\"isPartOf\":{\"@id\":\"https:\/\/le-campus.org\/blog\/#website\"},\"datePublished\":\"2018-07-07T16:22:31+00:00\",\"dateModified\":\"2018-07-07T16:22:31+00:00\",\"inLanguage\":\"fr-FR\",\"potentialAction\":[{\"@type\":\"ReadAction\",\"target\":[\"https:\/\/le-campus.org\/blog\/2018\/07\/tour-de-france-le-7-juillet-2018\/\"]}]},{\"@type\":\"WebSite\",\"@id\":\"https:\/\/le-campus.org\/blog\/#website\",\"url\":\"https:\/\/le-campus.org\/blog\/\",\"name\":\"Le Campus Espace Jeunes\",\"description\":\"\",\"publisher\":{\"@id\":\"https:\/\/le-campus.org\/blog\/#organization\"},\"potentialAction\":[{\"@type\":\"SearchAction\",\"target\":{\"@type\":\"EntryPoint\",\"urlTemplate\":\"https:\/\/le-campus.org\/blog\/?s={search_term_string}\"},\"query-input\":\"required name=search_term_string\"}],\"inLanguage\":\"fr-FR\"},{\"@type\":\"Organization\",\"@id\":\"https:\/\/le-campus.org\/blog\/#organization\",\"name\":\"Le Campus Espace Jeunes\",\"url\":\"https:\/\/le-campus.org\/blog\/\",\"logo\":{\"@type\":\"ImageObject\",\"inLanguage\":\"fr-FR\",\"@id\":\"https:\/\/le-campus.org\/blog\/#\/schema\/logo\/image\/\",\"url\":\"https:\/\/i0.wp.com\/le-campus.org\/blog\/wp-content\/uploads\/2016\/09\/cropped-Logo_Long-2.png?fit=285%2C90&ssl=1\",\"contentUrl\":\"https:\/\/i0.wp.com\/le-campus.org\/blog\/wp-content\/uploads\/2016\/09\/cropped-Logo_Long-2.png?fit=285%2C90&ssl=1\",\"width\":285,\"height\":90,\"caption\":\"Le Campus Espace Jeunes\"},\"image\":{\"@id\":\"https:\/\/le-campus.org\/blog\/#\/schema\/logo\/image\/\"},\"sameAs\":[\"https:\/\/www.facebook.com\/pages\/Le-Campus-Espace-Jeunes\/357197730957345\"]},{\"@type\":\"Person\",\"@id\":\"https:\/\/le-campus.org\/blog\/#\/schema\/person\/9ced2dad69dc0c691c1bab80d5bcbbd5\",\"name\":\"Campus\",\"image\":{\"@type\":\"ImageObject\",\"inLanguage\":\"fr-FR\",\"@id\":\"https:\/\/le-campus.org\/blog\/#\/schema\/person\/image\/\",\"url\":\"https:\/\/secure.gravatar.com\/avatar\/d7b31ed992c191eca4045bc197fbbba8?s=96&d=mm&r=g\",\"contentUrl\":\"https:\/\/secure.gravatar.com\/avatar\/d7b31ed992c191eca4045bc197fbbba8?s=96&d=mm&r=g\",\"caption\":\"Campus\"},\"sameAs\":[\"http:\/\/www.le-campus.org\"],\"url\":\"https:\/\/le-campus.org\/blog\/author\/campus\/\"}]}<\/script>\n<!-- \/ Yoast SEO plugin. -->","yoast_head_json":{"title":"Tour de France le 7 juillet 2018 - Le Campus Espace Jeunes","robots":{"index":"index","follow":"follow","max-snippet":"max-snippet:-1","max-image-preview":"max-image-preview:large","max-video-preview":"max-video-preview:-1"},"canonical":"https:\/\/le-campus.org\/blog\/2018\/07\/tour-de-france-le-7-juillet-2018\/","og_locale":"fr_FR","og_type":"article","og_title":"Tour de France le 7 juillet 2018 - Le Campus Espace Jeunes","og_description":"Superbe journ\u00e9e ensoleill\u00e9e pour la 1ere \u00e9tape du Tour de France 2018 \u00e0 Ste Radegonde :)! Merci aux jeunes pour ce moment de partage et de joie, ainsi qu&rsquo;\u00e0 C\u00e9line ...","og_url":"https:\/\/le-campus.org\/blog\/2018\/07\/tour-de-france-le-7-juillet-2018\/","og_site_name":"Le Campus Espace Jeunes","article_publisher":"https:\/\/www.facebook.com\/pages\/Le-Campus-Espace-Jeunes\/357197730957345","article_published_time":"2018-07-07T16:22:31+00:00","og_image":[{"url":"http:\/\/le-campus.org\/blog\/wp-content\/uploads\/2018\/07\/20180707_100809-300x169.jpg"}],"author":"Campus","twitter_misc":{"\u00c9crit par":"Campus"},"schema":{"@context":"https:\/\/schema.org","@graph":[{"@type":"Article","@id":"https:\/\/le-campus.org\/blog\/2018\/07\/tour-de-france-le-7-juillet-2018\/#article","isPartOf":{"@id":"https:\/\/le-campus.org\/blog\/2018\/07\/tour-de-france-le-7-juillet-2018\/"},"author":{"name":"Campus","@id":"https:\/\/le-campus.org\/blog\/#\/schema\/person\/9ced2dad69dc0c691c1bab80d5bcbbd5"},"headline":"Tour de France le 7 juillet 2018","datePublished":"2018-07-07T16:22:31+00:00","dateModified":"2018-07-07T16:22:31+00:00","mainEntityOfPage":{"@id":"https:\/\/le-campus.org\/blog\/2018\/07\/tour-de-france-le-7-juillet-2018\/"},"wordCount":53,"commentCount":0,"publisher":{"@id":"https:\/\/le-campus.org\/blog\/#organization"},"articleSection":["Informations"],"inLanguage":"fr-FR","potentialAction":[{"@type":"CommentAction","name":"Comment","target":["https:\/\/le-campus.org\/blog\/2018\/07\/tour-de-france-le-7-juillet-2018\/#respond"]}]},{"@type":"WebPage","@id":"https:\/\/le-campus.org\/blog\/2018\/07\/tour-de-france-le-7-juillet-2018\/","url":"https:\/\/le-campus.org\/blog\/2018\/07\/tour-de-france-le-7-juillet-2018\/","name":"Tour de France le 7 juillet 2018 - Le Campus Espace Jeunes","isPartOf":{"@id":"https:\/\/le-campus.org\/blog\/#website"},"datePublished":"2018-07-07T16:22:31+00:00","dateModified":"2018-07-07T16:22:31+00:00","inLanguage":"fr-FR","potentialAction":[{"@type":"ReadAction","target":["https:\/\/le-campus.org\/blog\/2018\/07\/tour-de-france-le-7-juillet-2018\/"]}]},{"@type":"WebSite","@id":"https:\/\/le-campus.org\/blog\/#website","url":"https:\/\/le-campus.org\/blog\/","name":"Le Campus Espace Jeunes","description":"","publisher":{"@id":"https:\/\/le-campus.org\/blog\/#organization"},"potentialAction":[{"@type":"SearchAction","target":{"@type":"EntryPoint","urlTemplate":"https:\/\/le-campus.org\/blog\/?s={search_term_string}"},"query-input":"required name=search_term_string"}],"inLanguage":"fr-FR"},{"@type":"Organization","@id":"https:\/\/le-campus.org\/blog\/#organization","name":"Le Campus Espace Jeunes","url":"https:\/\/le-campus.org\/blog\/","logo":{"@type":"ImageObject","inLanguage":"fr-FR","@id":"https:\/\/le-campus.org\/blog\/#\/schema\/logo\/image\/","url":"https:\/\/i0.wp.com\/le-campus.org\/blog\/wp-content\/uploads\/2016\/09\/cropped-Logo_Long-2.png?fit=285%2C90&ssl=1","contentUrl":"https:\/\/i0.wp.com\/le-campus.org\/blog\/wp-content\/uploads\/2016\/09\/cropped-Logo_Long-2.png?fit=285%2C90&ssl=1","width":285,"height":90,"caption":"Le Campus Espace Jeunes"},"image":{"@id":"https:\/\/le-campus.org\/blog\/#\/schema\/logo\/image\/"},"sameAs":["https:\/\/www.facebook.com\/pages\/Le-Campus-Espace-Jeunes\/357197730957345"]},{"@type":"Person","@id":"https:\/\/le-campus.org\/blog\/#\/schema\/person\/9ced2dad69dc0c691c1bab80d5bcbbd5","name":"Campus","image":{"@type":"ImageObject","inLanguage":"fr-FR","@id":"https:\/\/le-campus.org\/blog\/#\/schema\/person\/image\/","url":"https:\/\/secure.gravatar.com\/avatar\/d7b31ed992c191eca4045bc197fbbba8?s=96&d=mm&r=g","contentUrl":"https:\/\/secure.gravatar.com\/avatar\/d7b31ed992c191eca4045bc197fbbba8?s=96&d=mm&r=g","caption":"Campus"},"sameAs":["http:\/\/www.le-campus.org"],"url":"https:\/\/le-campus.org\/blog\/author\/campus\/"}]}},"jetpack_featured_media_url":"","jetpack_sharing_enabled":true,"jetpack_shortlink":"https:\/\/wp.me\/p7SwBl-1JW","jetpack-related-posts":[],"amp_enabled":true,"_links":{"self":[{"href":"https:\/\/le-campus.org\/blog\/wp-json\/wp\/v2\/posts\/6692"}],"collection":[{"href":"https:\/\/le-campus.org\/blog\/wp-json\/wp\/v2\/posts"}],"about":[{"href":"https:\/\/le-campus.org\/blog\/wp-json\/wp\/v2\/types\/post"}],"author":[{"embeddable":true,"href":"https:\/\/le-campus.org\/blog\/wp-json\/wp\/v2\/users\/1"}],"replies":[{"embeddable":true,"href":"https:\/\/le-campus.org\/blog\/wp-json\/wp\/v2\/comments?post=6692"}],"version-history":[{"count":0,"href":"https:\/\/le-campus.org\/blog\/wp-json\/wp\/v2\/posts\/6692\/revisions"}],"wp:attachment":[{"href":"https:\/\/le-campus.org\/blog\/wp-json\/wp\/v2\/media?parent=6692"}],"wp:term":[{"taxonomy":"category","embeddable":true,"href":"https:\/\/le-campus.org\/blog\/wp-json\/wp\/v2\/categories?post=6692"},{"taxonomy":"post_tag","embeddable":true,"href":"https:\/\/le-campus.org\/blog\/wp-json\/wp\/v2\/tags?post=6692"}],"curies":[{"name":"wp","href":"https:\/\/api.w.org\/{rel}","templated":true}]}}