{"id":6682,"date":"2018-07-05T14:00:41","date_gmt":"2018-07-05T12:00:41","guid":{"rendered":"http:\/\/le-campus.org\/blog\/?p=6682"},"modified":"2018-07-05T14:00:41","modified_gmt":"2018-07-05T12:00:41","slug":"atelier-du-mercredi-04-juillet-2018","status":"publish","type":"post","link":"https:\/\/le-campus.org\/blog\/2018\/07\/atelier-du-mercredi-04-juillet-2018\/","title":{"rendered":"Atelier du Mercredi 04 Juillet 2018"},"content":{"rendered":"<p>Nous remercions chaleureusement l&rsquo;association<strong> Groupe Th\u00e9\u00e2trale Royannais<\/strong>, de nous avoir l\u00e9gu\u00e9 une partie de leur mobilier et accessoires de th\u00e9\u00e2tre.<\/p>\n<p>Les jeunes ont pu participer hier apr\u00e8s-midi au d\u00e9poussi\u00e9rage du mat\u00e9riel, afin de pouvoir l&rsquo;utiliser sur l&rsquo;atelier th\u00e9\u00e2tre du Campus Espace Jeunes.&nbsp;<\/p>\n<p>Un grand merci \ud83d\ude42<a href=\"https:\/\/i0.wp.com\/le-campus.org\/blog\/wp-content\/uploads\/2018\/07\/IMG_8387.jpg\"><img data-recalc-dims=\"1\" loading=\"lazy\" decoding=\"async\" class=\"alignright size-medium wp-image-6684\" src=\"https:\/\/i0.wp.com\/le-campus.org\/blog\/wp-content\/uploads\/2018\/07\/IMG_8387-300x225.jpg?resize=300%2C225\" alt=\"\" width=\"300\" height=\"225\"><\/a> <a href=\"https:\/\/i0.wp.com\/le-campus.org\/blog\/wp-content\/uploads\/2018\/07\/IMG_8390.jpg\"><img data-recalc-dims=\"1\" loading=\"lazy\" decoding=\"async\" class=\"alignright size-medium wp-image-6685\" src=\"https:\/\/i0.wp.com\/le-campus.org\/blog\/wp-content\/uploads\/2018\/07\/IMG_8390-300x225.jpg?resize=300%2C225\" alt=\"\" width=\"300\" height=\"225\"><\/a> <a href=\"https:\/\/i0.wp.com\/le-campus.org\/blog\/wp-content\/uploads\/2018\/07\/P1020499.jpg\"><img data-recalc-dims=\"1\" loading=\"lazy\" decoding=\"async\" class=\"alignright size-medium wp-image-6686\" src=\"https:\/\/i0.wp.com\/le-campus.org\/blog\/wp-content\/uploads\/2018\/07\/P1020499-300x225.jpg?resize=300%2C225\" alt=\"\" width=\"300\" height=\"225\"><\/a> <a href=\"https:\/\/i0.wp.com\/le-campus.org\/blog\/wp-content\/uploads\/2018\/07\/P1020500.jpg\"><img data-recalc-dims=\"1\" loading=\"lazy\" decoding=\"async\" class=\"alignright size-medium wp-image-6687\" src=\"https:\/\/i0.wp.com\/le-campus.org\/blog\/wp-content\/uploads\/2018\/07\/P1020500-300x225.jpg?resize=300%2C225\" alt=\"\" width=\"300\" height=\"225\"><\/a> <a href=\"https:\/\/i0.wp.com\/le-campus.org\/blog\/wp-content\/uploads\/2018\/07\/P1020501.jpg\"><img data-recalc-dims=\"1\" loading=\"lazy\" decoding=\"async\" class=\"alignright size-medium wp-image-6688\" src=\"https:\/\/i0.wp.com\/le-campus.org\/blog\/wp-content\/uploads\/2018\/07\/P1020501-300x225.jpg?resize=300%2C225\" alt=\"\" width=\"300\" height=\"225\"><\/a> <a href=\"https:\/\/i0.wp.com\/le-campus.org\/blog\/wp-content\/uploads\/2018\/07\/P1020504.jpg\"><img data-recalc-dims=\"1\" loading=\"lazy\" decoding=\"async\" class=\"alignright size-medium wp-image-6689\" src=\"https:\/\/i0.wp.com\/le-campus.org\/blog\/wp-content\/uploads\/2018\/07\/P1020504-300x225.jpg?resize=300%2C225\" alt=\"\" width=\"300\" height=\"225\"><\/a> <a href=\"https:\/\/i0.wp.com\/le-campus.org\/blog\/wp-content\/uploads\/2018\/07\/P1020505.jpg\"><img data-recalc-dims=\"1\" loading=\"lazy\" decoding=\"async\" class=\"alignright size-medium wp-image-6690\" src=\"https:\/\/i0.wp.com\/le-campus.org\/blog\/wp-content\/uploads\/2018\/07\/P1020505-300x225.jpg?resize=300%2C225\" alt=\"\" width=\"300\" height=\"225\"><\/a><\/p>\n<p>&nbsp;<\/p>\n","protected":false},"excerpt":{"rendered":"<p>Nous remercions chaleureusement l&rsquo;association Groupe Th\u00e9\u00e2trale Royannais, de nous avoir l\u00e9gu\u00e9 une partie de leur mobilier et accessoires de th\u00e9\u00e2tre. Les jeunes ont pu participer hier apr\u00e8s-midi au d\u00e9poussi\u00e9rage du &#8230;<\/p>\n","protected":false},"author":1,"featured_media":0,"comment_status":"open","ping_status":"open","sticky":false,"template":"","format":"standard","meta":{"jetpack_post_was_ever_published":false,"_jetpack_newsletter_access":"","_jetpack_dont_email_post_to_subs":false,"_jetpack_newsletter_tier_id":0,"_jetpack_memberships_contains_paywalled_content":false,"_jetpack_memberships_contains_paid_content":false,"footnotes":"","jetpack_publicize_message":"","jetpack_publicize_feature_enabled":true,"jetpack_social_post_already_shared":true,"jetpack_social_options":{"image_generator_settings":{"template":"highway","enabled":false},"version":2}},"categories":[23],"tags":[],"jetpack_publicize_connections":[],"yoast_head":"<!-- This site is optimized with the Yoast SEO plugin v20.1 - https:\/\/yoast.com\/wordpress\/plugins\/seo\/ -->\n<title>Atelier du Mercredi 04 Juillet 2018 - Le Campus Espace Jeunes<\/title>\n<meta name=\"robots\" content=\"index, follow, max-snippet:-1, max-image-preview:large, max-video-preview:-1\" \/>\n<link rel=\"canonical\" href=\"https:\/\/le-campus.org\/blog\/2018\/07\/atelier-du-mercredi-04-juillet-2018\/\" \/>\n<meta property=\"og:locale\" content=\"fr_FR\" \/>\n<meta property=\"og:type\" content=\"article\" \/>\n<meta property=\"og:title\" content=\"Atelier du Mercredi 04 Juillet 2018 - Le Campus Espace Jeunes\" \/>\n<meta property=\"og:description\" content=\"Nous remercions chaleureusement l&rsquo;association Groupe Th\u00e9\u00e2trale Royannais, de nous avoir l\u00e9gu\u00e9 une partie de leur mobilier et accessoires de th\u00e9\u00e2tre. Les jeunes ont pu participer hier apr\u00e8s-midi au d\u00e9poussi\u00e9rage du ...\" \/>\n<meta property=\"og:url\" content=\"https:\/\/le-campus.org\/blog\/2018\/07\/atelier-du-mercredi-04-juillet-2018\/\" \/>\n<meta property=\"og:site_name\" content=\"Le Campus Espace Jeunes\" \/>\n<meta property=\"article:publisher\" content=\"https:\/\/www.facebook.com\/pages\/Le-Campus-Espace-Jeunes\/357197730957345\" \/>\n<meta property=\"article:published_time\" content=\"2018-07-05T12:00:41+00:00\" \/>\n<meta property=\"og:image\" content=\"http:\/\/le-campus.org\/blog\/wp-content\/uploads\/2018\/07\/IMG_8387-300x225.jpg\" \/>\n<meta name=\"author\" content=\"Campus\" \/>\n<meta name=\"twitter:label1\" content=\"\u00c9crit par\" \/>\n\t<meta name=\"twitter:data1\" content=\"Campus\" \/>\n<script type=\"application\/ld+json\" class=\"yoast-schema-graph\">{\"@context\":\"https:\/\/schema.org\",\"@graph\":[{\"@type\":\"Article\",\"@id\":\"https:\/\/le-campus.org\/blog\/2018\/07\/atelier-du-mercredi-04-juillet-2018\/#article\",\"isPartOf\":{\"@id\":\"https:\/\/le-campus.org\/blog\/2018\/07\/atelier-du-mercredi-04-juillet-2018\/\"},\"author\":{\"name\":\"Campus\",\"@id\":\"https:\/\/le-campus.org\/blog\/#\/schema\/person\/9ced2dad69dc0c691c1bab80d5bcbbd5\"},\"headline\":\"Atelier du Mercredi 04 Juillet 2018\",\"datePublished\":\"2018-07-05T12:00:41+00:00\",\"dateModified\":\"2018-07-05T12:00:41+00:00\",\"mainEntityOfPage\":{\"@id\":\"https:\/\/le-campus.org\/blog\/2018\/07\/atelier-du-mercredi-04-juillet-2018\/\"},\"wordCount\":59,\"commentCount\":0,\"publisher\":{\"@id\":\"https:\/\/le-campus.org\/blog\/#organization\"},\"articleSection\":[\"News\"],\"inLanguage\":\"fr-FR\",\"potentialAction\":[{\"@type\":\"CommentAction\",\"name\":\"Comment\",\"target\":[\"https:\/\/le-campus.org\/blog\/2018\/07\/atelier-du-mercredi-04-juillet-2018\/#respond\"]}]},{\"@type\":\"WebPage\",\"@id\":\"https:\/\/le-campus.org\/blog\/2018\/07\/atelier-du-mercredi-04-juillet-2018\/\",\"url\":\"https:\/\/le-campus.org\/blog\/2018\/07\/atelier-du-mercredi-04-juillet-2018\/\",\"name\":\"Atelier du Mercredi 04 Juillet 2018 - Le Campus Espace Jeunes\",\"isPartOf\":{\"@id\":\"https:\/\/le-campus.org\/blog\/#website\"},\"datePublished\":\"2018-07-05T12:00:41+00:00\",\"dateModified\":\"2018-07-05T12:00:41+00:00\",\"inLanguage\":\"fr-FR\",\"potentialAction\":[{\"@type\":\"ReadAction\",\"target\":[\"https:\/\/le-campus.org\/blog\/2018\/07\/atelier-du-mercredi-04-juillet-2018\/\"]}]},{\"@type\":\"WebSite\",\"@id\":\"https:\/\/le-campus.org\/blog\/#website\",\"url\":\"https:\/\/le-campus.org\/blog\/\",\"name\":\"Le Campus Espace Jeunes\",\"description\":\"\",\"publisher\":{\"@id\":\"https:\/\/le-campus.org\/blog\/#organization\"},\"potentialAction\":[{\"@type\":\"SearchAction\",\"target\":{\"@type\":\"EntryPoint\",\"urlTemplate\":\"https:\/\/le-campus.org\/blog\/?s={search_term_string}\"},\"query-input\":\"required name=search_term_string\"}],\"inLanguage\":\"fr-FR\"},{\"@type\":\"Organization\",\"@id\":\"https:\/\/le-campus.org\/blog\/#organization\",\"name\":\"Le Campus Espace Jeunes\",\"url\":\"https:\/\/le-campus.org\/blog\/\",\"logo\":{\"@type\":\"ImageObject\",\"inLanguage\":\"fr-FR\",\"@id\":\"https:\/\/le-campus.org\/blog\/#\/schema\/logo\/image\/\",\"url\":\"https:\/\/i0.wp.com\/le-campus.org\/blog\/wp-content\/uploads\/2016\/09\/cropped-Logo_Long-2.png?fit=285%2C90&ssl=1\",\"contentUrl\":\"https:\/\/i0.wp.com\/le-campus.org\/blog\/wp-content\/uploads\/2016\/09\/cropped-Logo_Long-2.png?fit=285%2C90&ssl=1\",\"width\":285,\"height\":90,\"caption\":\"Le Campus Espace Jeunes\"},\"image\":{\"@id\":\"https:\/\/le-campus.org\/blog\/#\/schema\/logo\/image\/\"},\"sameAs\":[\"https:\/\/www.facebook.com\/pages\/Le-Campus-Espace-Jeunes\/357197730957345\"]},{\"@type\":\"Person\",\"@id\":\"https:\/\/le-campus.org\/blog\/#\/schema\/person\/9ced2dad69dc0c691c1bab80d5bcbbd5\",\"name\":\"Campus\",\"image\":{\"@type\":\"ImageObject\",\"inLanguage\":\"fr-FR\",\"@id\":\"https:\/\/le-campus.org\/blog\/#\/schema\/person\/image\/\",\"url\":\"https:\/\/secure.gravatar.com\/avatar\/d7b31ed992c191eca4045bc197fbbba8?s=96&d=mm&r=g\",\"contentUrl\":\"https:\/\/secure.gravatar.com\/avatar\/d7b31ed992c191eca4045bc197fbbba8?s=96&d=mm&r=g\",\"caption\":\"Campus\"},\"sameAs\":[\"http:\/\/www.le-campus.org\"],\"url\":\"https:\/\/le-campus.org\/blog\/author\/campus\/\"}]}<\/script>\n<!-- \/ Yoast SEO plugin. -->","yoast_head_json":{"title":"Atelier du Mercredi 04 Juillet 2018 - Le Campus Espace Jeunes","robots":{"index":"index","follow":"follow","max-snippet":"max-snippet:-1","max-image-preview":"max-image-preview:large","max-video-preview":"max-video-preview:-1"},"canonical":"https:\/\/le-campus.org\/blog\/2018\/07\/atelier-du-mercredi-04-juillet-2018\/","og_locale":"fr_FR","og_type":"article","og_title":"Atelier du Mercredi 04 Juillet 2018 - Le Campus Espace Jeunes","og_description":"Nous remercions chaleureusement l&rsquo;association Groupe Th\u00e9\u00e2trale Royannais, de nous avoir l\u00e9gu\u00e9 une partie de leur mobilier et accessoires de th\u00e9\u00e2tre. Les jeunes ont pu participer hier apr\u00e8s-midi au d\u00e9poussi\u00e9rage du ...","og_url":"https:\/\/le-campus.org\/blog\/2018\/07\/atelier-du-mercredi-04-juillet-2018\/","og_site_name":"Le Campus Espace Jeunes","article_publisher":"https:\/\/www.facebook.com\/pages\/Le-Campus-Espace-Jeunes\/357197730957345","article_published_time":"2018-07-05T12:00:41+00:00","og_image":[{"url":"http:\/\/le-campus.org\/blog\/wp-content\/uploads\/2018\/07\/IMG_8387-300x225.jpg"}],"author":"Campus","twitter_misc":{"\u00c9crit par":"Campus"},"schema":{"@context":"https:\/\/schema.org","@graph":[{"@type":"Article","@id":"https:\/\/le-campus.org\/blog\/2018\/07\/atelier-du-mercredi-04-juillet-2018\/#article","isPartOf":{"@id":"https:\/\/le-campus.org\/blog\/2018\/07\/atelier-du-mercredi-04-juillet-2018\/"},"author":{"name":"Campus","@id":"https:\/\/le-campus.org\/blog\/#\/schema\/person\/9ced2dad69dc0c691c1bab80d5bcbbd5"},"headline":"Atelier du Mercredi 04 Juillet 2018","datePublished":"2018-07-05T12:00:41+00:00","dateModified":"2018-07-05T12:00:41+00:00","mainEntityOfPage":{"@id":"https:\/\/le-campus.org\/blog\/2018\/07\/atelier-du-mercredi-04-juillet-2018\/"},"wordCount":59,"commentCount":0,"publisher":{"@id":"https:\/\/le-campus.org\/blog\/#organization"},"articleSection":["News"],"inLanguage":"fr-FR","potentialAction":[{"@type":"CommentAction","name":"Comment","target":["https:\/\/le-campus.org\/blog\/2018\/07\/atelier-du-mercredi-04-juillet-2018\/#respond"]}]},{"@type":"WebPage","@id":"https:\/\/le-campus.org\/blog\/2018\/07\/atelier-du-mercredi-04-juillet-2018\/","url":"https:\/\/le-campus.org\/blog\/2018\/07\/atelier-du-mercredi-04-juillet-2018\/","name":"Atelier du Mercredi 04 Juillet 2018 - Le Campus Espace Jeunes","isPartOf":{"@id":"https:\/\/le-campus.org\/blog\/#website"},"datePublished":"2018-07-05T12:00:41+00:00","dateModified":"2018-07-05T12:00:41+00:00","inLanguage":"fr-FR","potentialAction":[{"@type":"ReadAction","target":["https:\/\/le-campus.org\/blog\/2018\/07\/atelier-du-mercredi-04-juillet-2018\/"]}]},{"@type":"WebSite","@id":"https:\/\/le-campus.org\/blog\/#website","url":"https:\/\/le-campus.org\/blog\/","name":"Le Campus Espace Jeunes","description":"","publisher":{"@id":"https:\/\/le-campus.org\/blog\/#organization"},"potentialAction":[{"@type":"SearchAction","target":{"@type":"EntryPoint","urlTemplate":"https:\/\/le-campus.org\/blog\/?s={search_term_string}"},"query-input":"required name=search_term_string"}],"inLanguage":"fr-FR"},{"@type":"Organization","@id":"https:\/\/le-campus.org\/blog\/#organization","name":"Le Campus Espace Jeunes","url":"https:\/\/le-campus.org\/blog\/","logo":{"@type":"ImageObject","inLanguage":"fr-FR","@id":"https:\/\/le-campus.org\/blog\/#\/schema\/logo\/image\/","url":"https:\/\/i0.wp.com\/le-campus.org\/blog\/wp-content\/uploads\/2016\/09\/cropped-Logo_Long-2.png?fit=285%2C90&ssl=1","contentUrl":"https:\/\/i0.wp.com\/le-campus.org\/blog\/wp-content\/uploads\/2016\/09\/cropped-Logo_Long-2.png?fit=285%2C90&ssl=1","width":285,"height":90,"caption":"Le Campus Espace Jeunes"},"image":{"@id":"https:\/\/le-campus.org\/blog\/#\/schema\/logo\/image\/"},"sameAs":["https:\/\/www.facebook.com\/pages\/Le-Campus-Espace-Jeunes\/357197730957345"]},{"@type":"Person","@id":"https:\/\/le-campus.org\/blog\/#\/schema\/person\/9ced2dad69dc0c691c1bab80d5bcbbd5","name":"Campus","image":{"@type":"ImageObject","inLanguage":"fr-FR","@id":"https:\/\/le-campus.org\/blog\/#\/schema\/person\/image\/","url":"https:\/\/secure.gravatar.com\/avatar\/d7b31ed992c191eca4045bc197fbbba8?s=96&d=mm&r=g","contentUrl":"https:\/\/secure.gravatar.com\/avatar\/d7b31ed992c191eca4045bc197fbbba8?s=96&d=mm&r=g","caption":"Campus"},"sameAs":["http:\/\/www.le-campus.org"],"url":"https:\/\/le-campus.org\/blog\/author\/campus\/"}]}},"jetpack_featured_media_url":"","jetpack_sharing_enabled":true,"jetpack_shortlink":"https:\/\/wp.me\/p7SwBl-1JM","jetpack-related-posts":[],"amp_enabled":true,"_links":{"self":[{"href":"https:\/\/le-campus.org\/blog\/wp-json\/wp\/v2\/posts\/6682"}],"collection":[{"href":"https:\/\/le-campus.org\/blog\/wp-json\/wp\/v2\/posts"}],"about":[{"href":"https:\/\/le-campus.org\/blog\/wp-json\/wp\/v2\/types\/post"}],"author":[{"embeddable":true,"href":"https:\/\/le-campus.org\/blog\/wp-json\/wp\/v2\/users\/1"}],"replies":[{"embeddable":true,"href":"https:\/\/le-campus.org\/blog\/wp-json\/wp\/v2\/comments?post=6682"}],"version-history":[{"count":0,"href":"https:\/\/le-campus.org\/blog\/wp-json\/wp\/v2\/posts\/6682\/revisions"}],"wp:attachment":[{"href":"https:\/\/le-campus.org\/blog\/wp-json\/wp\/v2\/media?parent=6682"}],"wp:term":[{"taxonomy":"category","embeddable":true,"href":"https:\/\/le-campus.org\/blog\/wp-json\/wp\/v2\/categories?post=6682"},{"taxonomy":"post_tag","embeddable":true,"href":"https:\/\/le-campus.org\/blog\/wp-json\/wp\/v2\/tags?post=6682"}],"curies":[{"name":"wp","href":"https:\/\/api.w.org\/{rel}","templated":true}]}}