{"id":5178,"date":"2017-07-29T17:06:57","date_gmt":"2017-07-29T15:06:57","guid":{"rendered":"http:\/\/le-campus.org\/blog\/?p=5178"},"modified":"2017-07-29T17:06:57","modified_gmt":"2017-07-29T15:06:57","slug":"concert-27-juillet-2017","status":"publish","type":"post","link":"https:\/\/le-campus.org\/blog\/2017\/07\/concert-27-juillet-2017\/","title":{"rendered":"Concert du 27 Juillet 2017"},"content":{"rendered":"<h4 style=\"text-align: center;\">Avec V.o.A &#8211; The Bobiz &#8211; Reject Head<\/h4>\n<p style=\"text-align: center;\">Merci \u00e0 nos jeunes et anciens Campussiens musiciens&nbsp; d&rsquo;avoir fait de cette soir\u00e9e une belle r\u00e9ussite.<\/p>\n<p style=\"text-align: center;\">Toute la Team Campus vous remercie. A tr\u00e8s vite \ud83d\ude09 !!!!<\/p>\n<p><a href=\"https:\/\/i0.wp.com\/le-campus.org\/blog\/wp-content\/uploads\/2017\/07\/IMG_1518.jpg\"><img data-recalc-dims=\"1\" loading=\"lazy\" decoding=\"async\" class=\"alignright size-medium wp-image-5192\" src=\"https:\/\/i0.wp.com\/le-campus.org\/blog\/wp-content\/uploads\/2017\/07\/IMG_1518-300x200.jpg?resize=300%2C200\" alt=\"\" width=\"300\" height=\"200\"><\/a> <a href=\"https:\/\/i0.wp.com\/le-campus.org\/blog\/wp-content\/uploads\/2017\/07\/IMG_1503.jpg\"><img data-recalc-dims=\"1\" loading=\"lazy\" decoding=\"async\" class=\"alignright size-medium wp-image-5191\" src=\"https:\/\/i0.wp.com\/le-campus.org\/blog\/wp-content\/uploads\/2017\/07\/IMG_1503-300x200.jpg?resize=300%2C200\" alt=\"\" width=\"300\" height=\"200\"><\/a> <a href=\"https:\/\/i0.wp.com\/le-campus.org\/blog\/wp-content\/uploads\/2017\/07\/IMG_1493.jpg\"><img data-recalc-dims=\"1\" loading=\"lazy\" decoding=\"async\" class=\"alignright size-medium wp-image-5190\" src=\"https:\/\/i0.wp.com\/le-campus.org\/blog\/wp-content\/uploads\/2017\/07\/IMG_1493-300x200.jpg?resize=300%2C200\" alt=\"\" width=\"300\" height=\"200\"><\/a> <a href=\"https:\/\/i0.wp.com\/le-campus.org\/blog\/wp-content\/uploads\/2017\/07\/IMG_1473.jpg\"><img data-recalc-dims=\"1\" loading=\"lazy\" decoding=\"async\" class=\"alignright size-medium wp-image-5189\" src=\"https:\/\/i0.wp.com\/le-campus.org\/blog\/wp-content\/uploads\/2017\/07\/IMG_1473-300x200.jpg?resize=300%2C200\" alt=\"\" width=\"300\" height=\"200\"><\/a> <a href=\"https:\/\/i0.wp.com\/le-campus.org\/blog\/wp-content\/uploads\/2017\/07\/IMG_1472.jpg\"><img data-recalc-dims=\"1\" loading=\"lazy\" decoding=\"async\" class=\"alignright size-medium wp-image-5188\" src=\"https:\/\/i0.wp.com\/le-campus.org\/blog\/wp-content\/uploads\/2017\/07\/IMG_1472-300x200.jpg?resize=300%2C200\" alt=\"\" width=\"300\" height=\"200\"><\/a> <a href=\"https:\/\/i0.wp.com\/le-campus.org\/blog\/wp-content\/uploads\/2017\/07\/20525212_1781322401892808_5274809157443966380_n.jpg\"><img data-recalc-dims=\"1\" loading=\"lazy\" decoding=\"async\" class=\"alignright size-medium wp-image-5187\" src=\"https:\/\/i0.wp.com\/le-campus.org\/blog\/wp-content\/uploads\/2017\/07\/20525212_1781322401892808_5274809157443966380_n-300x200.jpg?resize=300%2C200\" alt=\"\" width=\"300\" height=\"200\"><\/a> <a href=\"https:\/\/i0.wp.com\/le-campus.org\/blog\/wp-content\/uploads\/2017\/07\/IMG_1706.jpg\"><img data-recalc-dims=\"1\" loading=\"lazy\" decoding=\"async\" class=\"alignright size-medium wp-image-5193\" src=\"https:\/\/i0.wp.com\/le-campus.org\/blog\/wp-content\/uploads\/2017\/07\/IMG_1706-300x200.jpg?resize=300%2C200\" alt=\"\" width=\"300\" height=\"200\"><\/a> <a href=\"https:\/\/i0.wp.com\/le-campus.org\/blog\/wp-content\/uploads\/2017\/07\/IMG_1718.jpg\"><img data-recalc-dims=\"1\" loading=\"lazy\" decoding=\"async\" class=\"alignright size-medium wp-image-5194\" src=\"https:\/\/i0.wp.com\/le-campus.org\/blog\/wp-content\/uploads\/2017\/07\/IMG_1718-300x200.jpg?resize=300%2C200\" alt=\"\" width=\"300\" height=\"200\"><\/a> <a href=\"https:\/\/i0.wp.com\/le-campus.org\/blog\/wp-content\/uploads\/2017\/07\/IMG_1724.jpg\"><img data-recalc-dims=\"1\" loading=\"lazy\" decoding=\"async\" class=\"alignright size-medium wp-image-5195\" src=\"https:\/\/i0.wp.com\/le-campus.org\/blog\/wp-content\/uploads\/2017\/07\/IMG_1724-300x200.jpg?resize=300%2C200\" alt=\"\" width=\"300\" height=\"200\"><\/a> <a href=\"https:\/\/i0.wp.com\/le-campus.org\/blog\/wp-content\/uploads\/2017\/07\/IMG_1734.jpg\"><img data-recalc-dims=\"1\" loading=\"lazy\" decoding=\"async\" class=\"alignright size-medium wp-image-5196\" src=\"https:\/\/i0.wp.com\/le-campus.org\/blog\/wp-content\/uploads\/2017\/07\/IMG_1734-300x200.jpg?resize=300%2C200\" alt=\"\" width=\"300\" height=\"200\"><\/a> <a href=\"https:\/\/i0.wp.com\/le-campus.org\/blog\/wp-content\/uploads\/2017\/07\/IMG_1758.jpg\"><img data-recalc-dims=\"1\" loading=\"lazy\" decoding=\"async\" class=\"alignright size-medium wp-image-5197\" src=\"https:\/\/i0.wp.com\/le-campus.org\/blog\/wp-content\/uploads\/2017\/07\/IMG_1758-300x200.jpg?resize=300%2C200\" alt=\"\" width=\"300\" height=\"200\"><\/a> <a href=\"https:\/\/i0.wp.com\/le-campus.org\/blog\/wp-content\/uploads\/2017\/07\/IMG_1792.jpg\"><img data-recalc-dims=\"1\" loading=\"lazy\" decoding=\"async\" class=\"alignright size-medium wp-image-5198\" src=\"https:\/\/i0.wp.com\/le-campus.org\/blog\/wp-content\/uploads\/2017\/07\/IMG_1792-300x200.jpg?resize=300%2C200\" alt=\"\" width=\"300\" height=\"200\"><\/a> <a href=\"https:\/\/i0.wp.com\/le-campus.org\/blog\/wp-content\/uploads\/2017\/07\/20431292_1781320625226319_3969378485716192623_n.jpg\"><img data-recalc-dims=\"1\" loading=\"lazy\" decoding=\"async\" class=\"alignright size-medium wp-image-5186\" src=\"https:\/\/i0.wp.com\/le-campus.org\/blog\/wp-content\/uploads\/2017\/07\/20431292_1781320625226319_3969378485716192623_n-300x200.jpg?resize=300%2C200\" alt=\"\" width=\"300\" height=\"200\"><\/a> <a href=\"https:\/\/i0.wp.com\/le-campus.org\/blog\/wp-content\/uploads\/2017\/07\/20429784_1781320368559678_8530290692152419227_n.jpg\"><img data-recalc-dims=\"1\" loading=\"lazy\" decoding=\"async\" class=\"alignright size-medium wp-image-5185\" src=\"https:\/\/i0.wp.com\/le-campus.org\/blog\/wp-content\/uploads\/2017\/07\/20429784_1781320368559678_8530290692152419227_n-300x200.jpg?resize=300%2C200\" alt=\"\" width=\"300\" height=\"200\"><\/a> <a href=\"https:\/\/i0.wp.com\/le-campus.org\/blog\/wp-content\/uploads\/2017\/07\/20429600_1781321875226194_5678493962600672978_n.jpg\"><img data-recalc-dims=\"1\" loading=\"lazy\" decoding=\"async\" class=\"alignright size-medium wp-image-5184\" src=\"https:\/\/i0.wp.com\/le-campus.org\/blog\/wp-content\/uploads\/2017\/07\/20429600_1781321875226194_5678493962600672978_n-300x200.jpg?resize=300%2C200\" alt=\"\" width=\"300\" height=\"200\"><\/a> <a href=\"https:\/\/i0.wp.com\/le-campus.org\/blog\/wp-content\/uploads\/2017\/07\/20376106_1781321025226279_8705180582533117856_n.jpg\"><img data-recalc-dims=\"1\" loading=\"lazy\" decoding=\"async\" class=\"alignright size-medium wp-image-5183\" src=\"https:\/\/i0.wp.com\/le-campus.org\/blog\/wp-content\/uploads\/2017\/07\/20376106_1781321025226279_8705180582533117856_n-300x200.jpg?resize=300%2C200\" alt=\"\" width=\"300\" height=\"200\"><\/a> <a href=\"https:\/\/i0.wp.com\/le-campus.org\/blog\/wp-content\/uploads\/2017\/07\/20375796_1781322121892836_7867709416618643182_n.jpg\"><img data-recalc-dims=\"1\" loading=\"lazy\" decoding=\"async\" class=\"alignright size-medium wp-image-5182\" src=\"https:\/\/i0.wp.com\/le-campus.org\/blog\/wp-content\/uploads\/2017\/07\/20375796_1781322121892836_7867709416618643182_n-300x200.jpg?resize=300%2C200\" alt=\"\" width=\"300\" height=\"200\"><\/a> <a href=\"https:\/\/i0.wp.com\/le-campus.org\/blog\/wp-content\/uploads\/2017\/07\/20375636_1781322661892782_2514201112156893561_n.jpg\"><img data-recalc-dims=\"1\" loading=\"lazy\" decoding=\"async\" class=\"alignright size-medium wp-image-5181\" src=\"https:\/\/i0.wp.com\/le-campus.org\/blog\/wp-content\/uploads\/2017\/07\/20375636_1781322661892782_2514201112156893561_n-300x200.jpg?resize=300%2C200\" alt=\"\" width=\"300\" height=\"200\"><\/a> <a href=\"https:\/\/i0.wp.com\/le-campus.org\/blog\/wp-content\/uploads\/2017\/07\/19875470_1781322195226162_101205244966386976_n.jpg\"><img data-recalc-dims=\"1\" loading=\"lazy\" decoding=\"async\" class=\"alignright size-medium wp-image-5179\" src=\"https:\/\/i0.wp.com\/le-campus.org\/blog\/wp-content\/uploads\/2017\/07\/19875470_1781322195226162_101205244966386976_n-300x200.jpg?resize=300%2C200\" alt=\"\" width=\"300\" height=\"200\"><\/a> <a href=\"https:\/\/i0.wp.com\/le-campus.org\/blog\/wp-content\/uploads\/2017\/07\/20374648_1781321058559609_6451633489227395774_n.jpg\"><img data-recalc-dims=\"1\" loading=\"lazy\" decoding=\"async\" class=\"alignright size-medium wp-image-5180\" src=\"https:\/\/i0.wp.com\/le-campus.org\/blog\/wp-content\/uploads\/2017\/07\/20374648_1781321058559609_6451633489227395774_n-300x200.jpg?resize=300%2C200\" alt=\"\" width=\"300\" height=\"200\"><\/a><\/p>\n","protected":false},"excerpt":{"rendered":"<p>Avec V.o.A &#8211; The Bobiz &#8211; Reject Head Merci \u00e0 nos jeunes et anciens Campussiens musiciens&nbsp; d&rsquo;avoir fait de cette soir\u00e9e une belle r\u00e9ussite. Toute la Team Campus vous remercie. &#8230;<\/p>\n","protected":false},"author":1,"featured_media":0,"comment_status":"open","ping_status":"open","sticky":false,"template":"","format":"standard","meta":{"jetpack_post_was_ever_published":false,"_jetpack_newsletter_access":"","_jetpack_dont_email_post_to_subs":false,"_jetpack_newsletter_tier_id":0,"_jetpack_memberships_contains_paywalled_content":false,"_jetpack_memberships_contains_paid_content":false,"footnotes":"","jetpack_publicize_message":"","jetpack_publicize_feature_enabled":true,"jetpack_social_post_already_shared":true,"jetpack_social_options":{"image_generator_settings":{"template":"highway","enabled":false},"version":2}},"categories":[23],"tags":[],"jetpack_publicize_connections":[],"yoast_head":"<!-- This site is optimized with the Yoast SEO plugin v20.1 - https:\/\/yoast.com\/wordpress\/plugins\/seo\/ -->\n<title>Concert du 27 Juillet 2017 - Le Campus Espace Jeunes<\/title>\n<meta name=\"robots\" content=\"index, follow, max-snippet:-1, max-image-preview:large, max-video-preview:-1\" \/>\n<link rel=\"canonical\" href=\"https:\/\/le-campus.org\/blog\/2017\/07\/concert-27-juillet-2017\/\" \/>\n<meta property=\"og:locale\" content=\"fr_FR\" \/>\n<meta property=\"og:type\" content=\"article\" \/>\n<meta property=\"og:title\" content=\"Concert du 27 Juillet 2017 - Le Campus Espace Jeunes\" \/>\n<meta property=\"og:description\" content=\"Avec V.o.A &#8211; The Bobiz &#8211; Reject Head Merci \u00e0 nos jeunes et anciens Campussiens musiciens&nbsp; d&rsquo;avoir fait de cette soir\u00e9e une belle r\u00e9ussite. Toute la Team Campus vous remercie. ...\" \/>\n<meta property=\"og:url\" content=\"https:\/\/le-campus.org\/blog\/2017\/07\/concert-27-juillet-2017\/\" \/>\n<meta property=\"og:site_name\" content=\"Le Campus Espace Jeunes\" \/>\n<meta property=\"article:publisher\" content=\"https:\/\/www.facebook.com\/pages\/Le-Campus-Espace-Jeunes\/357197730957345\" \/>\n<meta property=\"article:published_time\" content=\"2017-07-29T15:06:57+00:00\" \/>\n<meta property=\"og:image\" content=\"http:\/\/le-campus.org\/blog\/wp-content\/uploads\/2017\/07\/IMG_1518-300x200.jpg\" \/>\n<meta name=\"author\" content=\"Campus\" \/>\n<meta name=\"twitter:label1\" content=\"\u00c9crit par\" \/>\n\t<meta name=\"twitter:data1\" content=\"Campus\" \/>\n<script type=\"application\/ld+json\" class=\"yoast-schema-graph\">{\"@context\":\"https:\/\/schema.org\",\"@graph\":[{\"@type\":\"Article\",\"@id\":\"https:\/\/le-campus.org\/blog\/2017\/07\/concert-27-juillet-2017\/#article\",\"isPartOf\":{\"@id\":\"https:\/\/le-campus.org\/blog\/2017\/07\/concert-27-juillet-2017\/\"},\"author\":{\"name\":\"Campus\",\"@id\":\"https:\/\/le-campus.org\/blog\/#\/schema\/person\/9ced2dad69dc0c691c1bab80d5bcbbd5\"},\"headline\":\"Concert du 27 Juillet 2017\",\"datePublished\":\"2017-07-29T15:06:57+00:00\",\"dateModified\":\"2017-07-29T15:06:57+00:00\",\"mainEntityOfPage\":{\"@id\":\"https:\/\/le-campus.org\/blog\/2017\/07\/concert-27-juillet-2017\/\"},\"wordCount\":42,\"commentCount\":0,\"publisher\":{\"@id\":\"https:\/\/le-campus.org\/blog\/#organization\"},\"articleSection\":[\"News\"],\"inLanguage\":\"fr-FR\",\"potentialAction\":[{\"@type\":\"CommentAction\",\"name\":\"Comment\",\"target\":[\"https:\/\/le-campus.org\/blog\/2017\/07\/concert-27-juillet-2017\/#respond\"]}]},{\"@type\":\"WebPage\",\"@id\":\"https:\/\/le-campus.org\/blog\/2017\/07\/concert-27-juillet-2017\/\",\"url\":\"https:\/\/le-campus.org\/blog\/2017\/07\/concert-27-juillet-2017\/\",\"name\":\"Concert du 27 Juillet 2017 - Le Campus Espace Jeunes\",\"isPartOf\":{\"@id\":\"https:\/\/le-campus.org\/blog\/#website\"},\"datePublished\":\"2017-07-29T15:06:57+00:00\",\"dateModified\":\"2017-07-29T15:06:57+00:00\",\"inLanguage\":\"fr-FR\",\"potentialAction\":[{\"@type\":\"ReadAction\",\"target\":[\"https:\/\/le-campus.org\/blog\/2017\/07\/concert-27-juillet-2017\/\"]}]},{\"@type\":\"WebSite\",\"@id\":\"https:\/\/le-campus.org\/blog\/#website\",\"url\":\"https:\/\/le-campus.org\/blog\/\",\"name\":\"Le Campus Espace Jeunes\",\"description\":\"\",\"publisher\":{\"@id\":\"https:\/\/le-campus.org\/blog\/#organization\"},\"potentialAction\":[{\"@type\":\"SearchAction\",\"target\":{\"@type\":\"EntryPoint\",\"urlTemplate\":\"https:\/\/le-campus.org\/blog\/?s={search_term_string}\"},\"query-input\":\"required name=search_term_string\"}],\"inLanguage\":\"fr-FR\"},{\"@type\":\"Organization\",\"@id\":\"https:\/\/le-campus.org\/blog\/#organization\",\"name\":\"Le Campus Espace Jeunes\",\"url\":\"https:\/\/le-campus.org\/blog\/\",\"logo\":{\"@type\":\"ImageObject\",\"inLanguage\":\"fr-FR\",\"@id\":\"https:\/\/le-campus.org\/blog\/#\/schema\/logo\/image\/\",\"url\":\"https:\/\/i0.wp.com\/le-campus.org\/blog\/wp-content\/uploads\/2016\/09\/cropped-Logo_Long-2.png?fit=285%2C90&ssl=1\",\"contentUrl\":\"https:\/\/i0.wp.com\/le-campus.org\/blog\/wp-content\/uploads\/2016\/09\/cropped-Logo_Long-2.png?fit=285%2C90&ssl=1\",\"width\":285,\"height\":90,\"caption\":\"Le Campus Espace Jeunes\"},\"image\":{\"@id\":\"https:\/\/le-campus.org\/blog\/#\/schema\/logo\/image\/\"},\"sameAs\":[\"https:\/\/www.facebook.com\/pages\/Le-Campus-Espace-Jeunes\/357197730957345\"]},{\"@type\":\"Person\",\"@id\":\"https:\/\/le-campus.org\/blog\/#\/schema\/person\/9ced2dad69dc0c691c1bab80d5bcbbd5\",\"name\":\"Campus\",\"image\":{\"@type\":\"ImageObject\",\"inLanguage\":\"fr-FR\",\"@id\":\"https:\/\/le-campus.org\/blog\/#\/schema\/person\/image\/\",\"url\":\"https:\/\/secure.gravatar.com\/avatar\/d7b31ed992c191eca4045bc197fbbba8?s=96&d=mm&r=g\",\"contentUrl\":\"https:\/\/secure.gravatar.com\/avatar\/d7b31ed992c191eca4045bc197fbbba8?s=96&d=mm&r=g\",\"caption\":\"Campus\"},\"sameAs\":[\"http:\/\/www.le-campus.org\"],\"url\":\"https:\/\/le-campus.org\/blog\/author\/campus\/\"}]}<\/script>\n<!-- \/ Yoast SEO plugin. -->","yoast_head_json":{"title":"Concert du 27 Juillet 2017 - Le Campus Espace Jeunes","robots":{"index":"index","follow":"follow","max-snippet":"max-snippet:-1","max-image-preview":"max-image-preview:large","max-video-preview":"max-video-preview:-1"},"canonical":"https:\/\/le-campus.org\/blog\/2017\/07\/concert-27-juillet-2017\/","og_locale":"fr_FR","og_type":"article","og_title":"Concert du 27 Juillet 2017 - Le Campus Espace Jeunes","og_description":"Avec V.o.A &#8211; The Bobiz &#8211; Reject Head Merci \u00e0 nos jeunes et anciens Campussiens musiciens&nbsp; d&rsquo;avoir fait de cette soir\u00e9e une belle r\u00e9ussite. Toute la Team Campus vous remercie. ...","og_url":"https:\/\/le-campus.org\/blog\/2017\/07\/concert-27-juillet-2017\/","og_site_name":"Le Campus Espace Jeunes","article_publisher":"https:\/\/www.facebook.com\/pages\/Le-Campus-Espace-Jeunes\/357197730957345","article_published_time":"2017-07-29T15:06:57+00:00","og_image":[{"url":"http:\/\/le-campus.org\/blog\/wp-content\/uploads\/2017\/07\/IMG_1518-300x200.jpg"}],"author":"Campus","twitter_misc":{"\u00c9crit par":"Campus"},"schema":{"@context":"https:\/\/schema.org","@graph":[{"@type":"Article","@id":"https:\/\/le-campus.org\/blog\/2017\/07\/concert-27-juillet-2017\/#article","isPartOf":{"@id":"https:\/\/le-campus.org\/blog\/2017\/07\/concert-27-juillet-2017\/"},"author":{"name":"Campus","@id":"https:\/\/le-campus.org\/blog\/#\/schema\/person\/9ced2dad69dc0c691c1bab80d5bcbbd5"},"headline":"Concert du 27 Juillet 2017","datePublished":"2017-07-29T15:06:57+00:00","dateModified":"2017-07-29T15:06:57+00:00","mainEntityOfPage":{"@id":"https:\/\/le-campus.org\/blog\/2017\/07\/concert-27-juillet-2017\/"},"wordCount":42,"commentCount":0,"publisher":{"@id":"https:\/\/le-campus.org\/blog\/#organization"},"articleSection":["News"],"inLanguage":"fr-FR","potentialAction":[{"@type":"CommentAction","name":"Comment","target":["https:\/\/le-campus.org\/blog\/2017\/07\/concert-27-juillet-2017\/#respond"]}]},{"@type":"WebPage","@id":"https:\/\/le-campus.org\/blog\/2017\/07\/concert-27-juillet-2017\/","url":"https:\/\/le-campus.org\/blog\/2017\/07\/concert-27-juillet-2017\/","name":"Concert du 27 Juillet 2017 - Le Campus Espace Jeunes","isPartOf":{"@id":"https:\/\/le-campus.org\/blog\/#website"},"datePublished":"2017-07-29T15:06:57+00:00","dateModified":"2017-07-29T15:06:57+00:00","inLanguage":"fr-FR","potentialAction":[{"@type":"ReadAction","target":["https:\/\/le-campus.org\/blog\/2017\/07\/concert-27-juillet-2017\/"]}]},{"@type":"WebSite","@id":"https:\/\/le-campus.org\/blog\/#website","url":"https:\/\/le-campus.org\/blog\/","name":"Le Campus Espace Jeunes","description":"","publisher":{"@id":"https:\/\/le-campus.org\/blog\/#organization"},"potentialAction":[{"@type":"SearchAction","target":{"@type":"EntryPoint","urlTemplate":"https:\/\/le-campus.org\/blog\/?s={search_term_string}"},"query-input":"required name=search_term_string"}],"inLanguage":"fr-FR"},{"@type":"Organization","@id":"https:\/\/le-campus.org\/blog\/#organization","name":"Le Campus Espace Jeunes","url":"https:\/\/le-campus.org\/blog\/","logo":{"@type":"ImageObject","inLanguage":"fr-FR","@id":"https:\/\/le-campus.org\/blog\/#\/schema\/logo\/image\/","url":"https:\/\/i0.wp.com\/le-campus.org\/blog\/wp-content\/uploads\/2016\/09\/cropped-Logo_Long-2.png?fit=285%2C90&ssl=1","contentUrl":"https:\/\/i0.wp.com\/le-campus.org\/blog\/wp-content\/uploads\/2016\/09\/cropped-Logo_Long-2.png?fit=285%2C90&ssl=1","width":285,"height":90,"caption":"Le Campus Espace Jeunes"},"image":{"@id":"https:\/\/le-campus.org\/blog\/#\/schema\/logo\/image\/"},"sameAs":["https:\/\/www.facebook.com\/pages\/Le-Campus-Espace-Jeunes\/357197730957345"]},{"@type":"Person","@id":"https:\/\/le-campus.org\/blog\/#\/schema\/person\/9ced2dad69dc0c691c1bab80d5bcbbd5","name":"Campus","image":{"@type":"ImageObject","inLanguage":"fr-FR","@id":"https:\/\/le-campus.org\/blog\/#\/schema\/person\/image\/","url":"https:\/\/secure.gravatar.com\/avatar\/d7b31ed992c191eca4045bc197fbbba8?s=96&d=mm&r=g","contentUrl":"https:\/\/secure.gravatar.com\/avatar\/d7b31ed992c191eca4045bc197fbbba8?s=96&d=mm&r=g","caption":"Campus"},"sameAs":["http:\/\/www.le-campus.org"],"url":"https:\/\/le-campus.org\/blog\/author\/campus\/"}]}},"jetpack_featured_media_url":"","jetpack_sharing_enabled":true,"jetpack_shortlink":"https:\/\/wp.me\/p7SwBl-1lw","jetpack-related-posts":[],"amp_enabled":true,"_links":{"self":[{"href":"https:\/\/le-campus.org\/blog\/wp-json\/wp\/v2\/posts\/5178"}],"collection":[{"href":"https:\/\/le-campus.org\/blog\/wp-json\/wp\/v2\/posts"}],"about":[{"href":"https:\/\/le-campus.org\/blog\/wp-json\/wp\/v2\/types\/post"}],"author":[{"embeddable":true,"href":"https:\/\/le-campus.org\/blog\/wp-json\/wp\/v2\/users\/1"}],"replies":[{"embeddable":true,"href":"https:\/\/le-campus.org\/blog\/wp-json\/wp\/v2\/comments?post=5178"}],"version-history":[{"count":0,"href":"https:\/\/le-campus.org\/blog\/wp-json\/wp\/v2\/posts\/5178\/revisions"}],"wp:attachment":[{"href":"https:\/\/le-campus.org\/blog\/wp-json\/wp\/v2\/media?parent=5178"}],"wp:term":[{"taxonomy":"category","embeddable":true,"href":"https:\/\/le-campus.org\/blog\/wp-json\/wp\/v2\/categories?post=5178"},{"taxonomy":"post_tag","embeddable":true,"href":"https:\/\/le-campus.org\/blog\/wp-json\/wp\/v2\/tags?post=5178"}],"curies":[{"name":"wp","href":"https:\/\/api.w.org\/{rel}","templated":true}]}}