{"id":4251,"date":"2016-10-03T17:52:36","date_gmt":"2016-10-03T15:52:36","guid":{"rendered":"http:\/\/le-campus.org\/blog\/?p=4251"},"modified":"2016-10-31T10:56:28","modified_gmt":"2016-10-31T08:56:28","slug":"portes-ouvertes-2016-campus-espace-jeunes","status":"publish","type":"post","link":"https:\/\/le-campus.org\/blog\/2016\/10\/portes-ouvertes-2016-campus-espace-jeunes\/","title":{"rendered":"Portes Ouvertes 2016 du Campus Espace Jeunes"},"content":{"rendered":"<p>La 2\u00e8me \u00e9dition des Portes Ouvertes qui a eu lieu le samedi 1 octobre 2016 a \u00e9t\u00e9 une nouvelle fois un franc succ\u00e8s, avec de nombreux visiteurs qui ont d\u00e9couverts ou revisit\u00e9s notre structure. Mais aussi par la pr\u00e9sentation de nos ateliers pr\u00e9sent\u00e9s par nos jeunes adh\u00e9rents (encore Merci \u00e0 eux). Nous avons \u00e9galement fait le plein d&rsquo;adh\u00e9sions avec de nombreuses inscriptions aux activit\u00e9s ainsi que pour notre s\u00e9jour ski. Cette journ\u00e9e a permis le lancement de notre Grande Tombola !<\/p>\n<p>\/!\\ Si vous voulez auto-financer vos activit\u00e9s ou votre s\u00e9jour, demandez un carnet de tombola aux animateurs du Campus.<br \/>\nIl nous reste encore quelques places, alors n\u2019h\u00e9sitez pas \u00e0 venir vous inscrire !<br \/>\nPour plus de renseignements, vous pouvez nous contacter au 02-51-56-03-66 ou par mail info@le-campus.org<\/p>\n<p><img data-recalc-dims=\"1\" loading=\"lazy\" decoding=\"async\" class=\"alignleft size-medium wp-image-4252\" src=\"https:\/\/i0.wp.com\/le-campus.org\/blog\/wp-content\/uploads\/2016\/10\/20161001_132149-300x169.jpg?resize=300%2C169\" alt=\"20161001_132149\" width=\"300\" height=\"169\" \/><\/p>\n<p><img data-recalc-dims=\"1\" loading=\"lazy\" decoding=\"async\" class=\"alignleft size-medium wp-image-4253\" src=\"https:\/\/i0.wp.com\/le-campus.org\/blog\/wp-content\/uploads\/2016\/10\/20161001_142615-300x169.jpg?resize=300%2C169\" alt=\"20161001_142615\" width=\"300\" height=\"169\" \/><\/p>\n<p><img data-recalc-dims=\"1\" loading=\"lazy\" decoding=\"async\" class=\"alignleft size-medium wp-image-4254\" src=\"https:\/\/i0.wp.com\/le-campus.org\/blog\/wp-content\/uploads\/2016\/10\/20161001_183204-300x169.jpg?resize=300%2C169\" alt=\"20161001_183204\" width=\"300\" height=\"169\" \/><\/p>\n<p><img data-recalc-dims=\"1\" loading=\"lazy\" decoding=\"async\" class=\"alignleft size-medium wp-image-4255\" src=\"https:\/\/i0.wp.com\/le-campus.org\/blog\/wp-content\/uploads\/2016\/10\/DSC_0153-300x199.jpg?resize=300%2C199\" alt=\"dsc_0153\" width=\"300\" height=\"199\" \/><\/p>\n<p><img data-recalc-dims=\"1\" loading=\"lazy\" decoding=\"async\" class=\"alignleft size-medium wp-image-4256\" src=\"https:\/\/i0.wp.com\/le-campus.org\/blog\/wp-content\/uploads\/2016\/10\/DSC_0161-300x199.jpg?resize=300%2C199\" alt=\"dsc_0161\" width=\"300\" height=\"199\" \/><\/p>\n<p><img data-recalc-dims=\"1\" loading=\"lazy\" decoding=\"async\" class=\"alignleft size-medium wp-image-4257\" src=\"https:\/\/i0.wp.com\/le-campus.org\/blog\/wp-content\/uploads\/2016\/10\/DSC_0172-300x199.jpg?resize=300%2C199\" alt=\"dsc_0172\" width=\"300\" height=\"199\" \/><\/p>\n<p><img data-recalc-dims=\"1\" loading=\"lazy\" decoding=\"async\" class=\"alignleft size-medium wp-image-4258\" src=\"https:\/\/i0.wp.com\/le-campus.org\/blog\/wp-content\/uploads\/2016\/10\/DSC_0175-300x199.jpg?resize=300%2C199\" alt=\"dsc_0175\" width=\"300\" height=\"199\" \/><\/p>\n<p><img data-recalc-dims=\"1\" loading=\"lazy\" decoding=\"async\" class=\"alignleft size-medium wp-image-4259\" src=\"https:\/\/i0.wp.com\/le-campus.org\/blog\/wp-content\/uploads\/2016\/10\/DSC_0199-300x199.jpg?resize=300%2C199\" alt=\"dsc_0199\" width=\"300\" height=\"199\" \/><\/p>\n<p><img data-recalc-dims=\"1\" loading=\"lazy\" decoding=\"async\" class=\"alignleft size-medium wp-image-4260\" src=\"https:\/\/i0.wp.com\/le-campus.org\/blog\/wp-content\/uploads\/2016\/10\/DSC_0260-300x199.jpg?resize=300%2C199\" alt=\"dsc_0260\" width=\"300\" height=\"199\" \/><\/p>\n<p><img data-recalc-dims=\"1\" loading=\"lazy\" decoding=\"async\" class=\"alignleft size-medium wp-image-4261\" src=\"https:\/\/i0.wp.com\/le-campus.org\/blog\/wp-content\/uploads\/2016\/10\/DSC_0263-300x199.jpg?resize=300%2C199\" alt=\"dsc_0263\" width=\"300\" height=\"199\" \/><\/p>\n<p><img data-recalc-dims=\"1\" loading=\"lazy\" decoding=\"async\" class=\"alignleft size-medium wp-image-4262\" src=\"https:\/\/i0.wp.com\/le-campus.org\/blog\/wp-content\/uploads\/2016\/10\/DSC_0265-300x199.jpg?resize=300%2C199\" alt=\"dsc_0265\" width=\"300\" height=\"199\" \/><\/p>\n<p><img data-recalc-dims=\"1\" loading=\"lazy\" decoding=\"async\" class=\"alignleft size-medium wp-image-4263\" src=\"https:\/\/i0.wp.com\/le-campus.org\/blog\/wp-content\/uploads\/2016\/10\/DSC_0268-300x199.jpg?resize=300%2C199\" alt=\"dsc_0268\" width=\"300\" height=\"199\" \/><\/p>\n<p><img data-recalc-dims=\"1\" loading=\"lazy\" decoding=\"async\" class=\"alignleft size-medium wp-image-4264\" src=\"https:\/\/i0.wp.com\/le-campus.org\/blog\/wp-content\/uploads\/2016\/10\/DSC_0270-300x199.jpg?resize=300%2C199\" alt=\"dsc_0270\" width=\"300\" height=\"199\" \/><img data-recalc-dims=\"1\" loading=\"lazy\" decoding=\"async\" class=\"alignleft size-medium wp-image-4265\" src=\"https:\/\/i0.wp.com\/le-campus.org\/blog\/wp-content\/uploads\/2016\/10\/DSC_0128-300x199.jpg?resize=300%2C199\" alt=\"dsc_0128\" width=\"300\" height=\"199\" \/><\/p>\n<p><img data-recalc-dims=\"1\" loading=\"lazy\" decoding=\"async\" class=\"alignleft size-medium wp-image-4266\" src=\"https:\/\/i0.wp.com\/le-campus.org\/blog\/wp-content\/uploads\/2016\/10\/DSC_0132-300x199.jpg?resize=300%2C199\" alt=\"dsc_0132\" width=\"300\" height=\"199\" \/><\/p>\n<p><img data-recalc-dims=\"1\" loading=\"lazy\" decoding=\"async\" class=\"alignleft size-medium wp-image-4267\" src=\"https:\/\/i0.wp.com\/le-campus.org\/blog\/wp-content\/uploads\/2016\/10\/DSC_0135-300x199.jpg?resize=300%2C199\" alt=\"dsc_0135\" width=\"300\" height=\"199\" \/><\/p>\n<p><img data-recalc-dims=\"1\" loading=\"lazy\" decoding=\"async\" class=\"alignleft size-medium wp-image-4268\" src=\"https:\/\/i0.wp.com\/le-campus.org\/blog\/wp-content\/uploads\/2016\/10\/DSC_0138-300x199.jpg?resize=300%2C199\" alt=\"dsc_0138\" width=\"300\" height=\"199\" \/><\/p>\n<p><img data-recalc-dims=\"1\" loading=\"lazy\" decoding=\"async\" class=\"alignleft size-medium wp-image-4269\" src=\"https:\/\/i0.wp.com\/le-campus.org\/blog\/wp-content\/uploads\/2016\/10\/DSC_0172-1-300x199.jpg?resize=300%2C199\" alt=\"dsc_0172\" width=\"300\" height=\"199\" \/><\/p>\n","protected":false},"excerpt":{"rendered":"<p>La 2\u00e8me \u00e9dition des Portes Ouvertes qui a eu lieu le samedi 1 octobre 2016 a \u00e9t\u00e9 une nouvelle fois un franc succ\u00e8s, avec de nombreux visiteurs qui ont d\u00e9couverts &#8230;<\/p>\n","protected":false},"author":1,"featured_media":0,"comment_status":"open","ping_status":"open","sticky":false,"template":"","format":"standard","meta":{"jetpack_post_was_ever_published":false,"_jetpack_newsletter_access":"","_jetpack_dont_email_post_to_subs":true,"_jetpack_newsletter_tier_id":0,"_jetpack_memberships_contains_paywalled_content":false,"_jetpack_memberships_contains_paid_content":false,"footnotes":"","jetpack_publicize_message":"","jetpack_publicize_feature_enabled":true,"jetpack_social_post_already_shared":true,"jetpack_social_options":{"image_generator_settings":{"template":"highway","enabled":false},"version":2}},"categories":[32],"tags":[],"jetpack_publicize_connections":[],"yoast_head":"<!-- This site is optimized with the Yoast SEO plugin v20.1 - https:\/\/yoast.com\/wordpress\/plugins\/seo\/ -->\n<title>Portes Ouvertes 2016 du Campus Espace Jeunes - Le Campus Espace Jeunes<\/title>\n<meta name=\"robots\" content=\"index, follow, max-snippet:-1, max-image-preview:large, max-video-preview:-1\" \/>\n<link rel=\"canonical\" href=\"https:\/\/le-campus.org\/blog\/2016\/10\/portes-ouvertes-2016-campus-espace-jeunes\/\" \/>\n<meta property=\"og:locale\" content=\"fr_FR\" \/>\n<meta property=\"og:type\" content=\"article\" \/>\n<meta property=\"og:title\" content=\"Portes Ouvertes 2016 du Campus Espace Jeunes - Le Campus Espace Jeunes\" \/>\n<meta property=\"og:description\" content=\"La 2\u00e8me \u00e9dition des Portes Ouvertes qui a eu lieu le samedi 1 octobre 2016 a \u00e9t\u00e9 une nouvelle fois un franc succ\u00e8s, avec de nombreux visiteurs qui ont d\u00e9couverts ...\" \/>\n<meta property=\"og:url\" content=\"https:\/\/le-campus.org\/blog\/2016\/10\/portes-ouvertes-2016-campus-espace-jeunes\/\" \/>\n<meta property=\"og:site_name\" content=\"Le Campus Espace Jeunes\" \/>\n<meta property=\"article:publisher\" content=\"https:\/\/www.facebook.com\/pages\/Le-Campus-Espace-Jeunes\/357197730957345\" \/>\n<meta property=\"article:published_time\" content=\"2016-10-03T15:52:36+00:00\" \/>\n<meta property=\"article:modified_time\" content=\"2016-10-31T08:56:28+00:00\" \/>\n<meta property=\"og:image\" content=\"http:\/\/le-campus.org\/blog\/wp-content\/uploads\/2016\/10\/20161001_132149-300x169.jpg\" \/>\n<meta name=\"author\" content=\"Campus\" \/>\n<meta name=\"twitter:label1\" content=\"\u00c9crit par\" \/>\n\t<meta name=\"twitter:data1\" content=\"Campus\" \/>\n\t<meta name=\"twitter:label2\" content=\"Dur\u00e9e de lecture estim\u00e9e\" \/>\n\t<meta name=\"twitter:data2\" content=\"1 minute\" \/>\n<script type=\"application\/ld+json\" class=\"yoast-schema-graph\">{\"@context\":\"https:\/\/schema.org\",\"@graph\":[{\"@type\":\"Article\",\"@id\":\"https:\/\/le-campus.org\/blog\/2016\/10\/portes-ouvertes-2016-campus-espace-jeunes\/#article\",\"isPartOf\":{\"@id\":\"https:\/\/le-campus.org\/blog\/2016\/10\/portes-ouvertes-2016-campus-espace-jeunes\/\"},\"author\":{\"name\":\"Campus\",\"@id\":\"https:\/\/le-campus.org\/blog\/#\/schema\/person\/9ced2dad69dc0c691c1bab80d5bcbbd5\"},\"headline\":\"Portes Ouvertes 2016 du Campus Espace Jeunes\",\"datePublished\":\"2016-10-03T15:52:36+00:00\",\"dateModified\":\"2016-10-31T08:56:28+00:00\",\"mainEntityOfPage\":{\"@id\":\"https:\/\/le-campus.org\/blog\/2016\/10\/portes-ouvertes-2016-campus-espace-jeunes\/\"},\"wordCount\":147,\"commentCount\":0,\"publisher\":{\"@id\":\"https:\/\/le-campus.org\/blog\/#organization\"},\"articleSection\":[\"Informations\"],\"inLanguage\":\"fr-FR\",\"potentialAction\":[{\"@type\":\"CommentAction\",\"name\":\"Comment\",\"target\":[\"https:\/\/le-campus.org\/blog\/2016\/10\/portes-ouvertes-2016-campus-espace-jeunes\/#respond\"]}]},{\"@type\":\"WebPage\",\"@id\":\"https:\/\/le-campus.org\/blog\/2016\/10\/portes-ouvertes-2016-campus-espace-jeunes\/\",\"url\":\"https:\/\/le-campus.org\/blog\/2016\/10\/portes-ouvertes-2016-campus-espace-jeunes\/\",\"name\":\"Portes Ouvertes 2016 du Campus Espace Jeunes - Le Campus Espace Jeunes\",\"isPartOf\":{\"@id\":\"https:\/\/le-campus.org\/blog\/#website\"},\"datePublished\":\"2016-10-03T15:52:36+00:00\",\"dateModified\":\"2016-10-31T08:56:28+00:00\",\"inLanguage\":\"fr-FR\",\"potentialAction\":[{\"@type\":\"ReadAction\",\"target\":[\"https:\/\/le-campus.org\/blog\/2016\/10\/portes-ouvertes-2016-campus-espace-jeunes\/\"]}]},{\"@type\":\"WebSite\",\"@id\":\"https:\/\/le-campus.org\/blog\/#website\",\"url\":\"https:\/\/le-campus.org\/blog\/\",\"name\":\"Le Campus Espace Jeunes\",\"description\":\"\",\"publisher\":{\"@id\":\"https:\/\/le-campus.org\/blog\/#organization\"},\"potentialAction\":[{\"@type\":\"SearchAction\",\"target\":{\"@type\":\"EntryPoint\",\"urlTemplate\":\"https:\/\/le-campus.org\/blog\/?s={search_term_string}\"},\"query-input\":\"required name=search_term_string\"}],\"inLanguage\":\"fr-FR\"},{\"@type\":\"Organization\",\"@id\":\"https:\/\/le-campus.org\/blog\/#organization\",\"name\":\"Le Campus Espace Jeunes\",\"url\":\"https:\/\/le-campus.org\/blog\/\",\"logo\":{\"@type\":\"ImageObject\",\"inLanguage\":\"fr-FR\",\"@id\":\"https:\/\/le-campus.org\/blog\/#\/schema\/logo\/image\/\",\"url\":\"https:\/\/i0.wp.com\/le-campus.org\/blog\/wp-content\/uploads\/2016\/09\/cropped-Logo_Long-2.png?fit=285%2C90&ssl=1\",\"contentUrl\":\"https:\/\/i0.wp.com\/le-campus.org\/blog\/wp-content\/uploads\/2016\/09\/cropped-Logo_Long-2.png?fit=285%2C90&ssl=1\",\"width\":285,\"height\":90,\"caption\":\"Le Campus Espace Jeunes\"},\"image\":{\"@id\":\"https:\/\/le-campus.org\/blog\/#\/schema\/logo\/image\/\"},\"sameAs\":[\"https:\/\/www.facebook.com\/pages\/Le-Campus-Espace-Jeunes\/357197730957345\"]},{\"@type\":\"Person\",\"@id\":\"https:\/\/le-campus.org\/blog\/#\/schema\/person\/9ced2dad69dc0c691c1bab80d5bcbbd5\",\"name\":\"Campus\",\"image\":{\"@type\":\"ImageObject\",\"inLanguage\":\"fr-FR\",\"@id\":\"https:\/\/le-campus.org\/blog\/#\/schema\/person\/image\/\",\"url\":\"https:\/\/secure.gravatar.com\/avatar\/d7b31ed992c191eca4045bc197fbbba8?s=96&d=mm&r=g\",\"contentUrl\":\"https:\/\/secure.gravatar.com\/avatar\/d7b31ed992c191eca4045bc197fbbba8?s=96&d=mm&r=g\",\"caption\":\"Campus\"},\"sameAs\":[\"http:\/\/www.le-campus.org\"],\"url\":\"https:\/\/le-campus.org\/blog\/author\/campus\/\"}]}<\/script>\n<!-- \/ Yoast SEO plugin. -->","yoast_head_json":{"title":"Portes Ouvertes 2016 du Campus Espace Jeunes - Le Campus Espace Jeunes","robots":{"index":"index","follow":"follow","max-snippet":"max-snippet:-1","max-image-preview":"max-image-preview:large","max-video-preview":"max-video-preview:-1"},"canonical":"https:\/\/le-campus.org\/blog\/2016\/10\/portes-ouvertes-2016-campus-espace-jeunes\/","og_locale":"fr_FR","og_type":"article","og_title":"Portes Ouvertes 2016 du Campus Espace Jeunes - Le Campus Espace Jeunes","og_description":"La 2\u00e8me \u00e9dition des Portes Ouvertes qui a eu lieu le samedi 1 octobre 2016 a \u00e9t\u00e9 une nouvelle fois un franc succ\u00e8s, avec de nombreux visiteurs qui ont d\u00e9couverts ...","og_url":"https:\/\/le-campus.org\/blog\/2016\/10\/portes-ouvertes-2016-campus-espace-jeunes\/","og_site_name":"Le Campus Espace Jeunes","article_publisher":"https:\/\/www.facebook.com\/pages\/Le-Campus-Espace-Jeunes\/357197730957345","article_published_time":"2016-10-03T15:52:36+00:00","article_modified_time":"2016-10-31T08:56:28+00:00","og_image":[{"url":"http:\/\/le-campus.org\/blog\/wp-content\/uploads\/2016\/10\/20161001_132149-300x169.jpg"}],"author":"Campus","twitter_misc":{"\u00c9crit par":"Campus","Dur\u00e9e de lecture estim\u00e9e":"1 minute"},"schema":{"@context":"https:\/\/schema.org","@graph":[{"@type":"Article","@id":"https:\/\/le-campus.org\/blog\/2016\/10\/portes-ouvertes-2016-campus-espace-jeunes\/#article","isPartOf":{"@id":"https:\/\/le-campus.org\/blog\/2016\/10\/portes-ouvertes-2016-campus-espace-jeunes\/"},"author":{"name":"Campus","@id":"https:\/\/le-campus.org\/blog\/#\/schema\/person\/9ced2dad69dc0c691c1bab80d5bcbbd5"},"headline":"Portes Ouvertes 2016 du Campus Espace Jeunes","datePublished":"2016-10-03T15:52:36+00:00","dateModified":"2016-10-31T08:56:28+00:00","mainEntityOfPage":{"@id":"https:\/\/le-campus.org\/blog\/2016\/10\/portes-ouvertes-2016-campus-espace-jeunes\/"},"wordCount":147,"commentCount":0,"publisher":{"@id":"https:\/\/le-campus.org\/blog\/#organization"},"articleSection":["Informations"],"inLanguage":"fr-FR","potentialAction":[{"@type":"CommentAction","name":"Comment","target":["https:\/\/le-campus.org\/blog\/2016\/10\/portes-ouvertes-2016-campus-espace-jeunes\/#respond"]}]},{"@type":"WebPage","@id":"https:\/\/le-campus.org\/blog\/2016\/10\/portes-ouvertes-2016-campus-espace-jeunes\/","url":"https:\/\/le-campus.org\/blog\/2016\/10\/portes-ouvertes-2016-campus-espace-jeunes\/","name":"Portes Ouvertes 2016 du Campus Espace Jeunes - Le Campus Espace Jeunes","isPartOf":{"@id":"https:\/\/le-campus.org\/blog\/#website"},"datePublished":"2016-10-03T15:52:36+00:00","dateModified":"2016-10-31T08:56:28+00:00","inLanguage":"fr-FR","potentialAction":[{"@type":"ReadAction","target":["https:\/\/le-campus.org\/blog\/2016\/10\/portes-ouvertes-2016-campus-espace-jeunes\/"]}]},{"@type":"WebSite","@id":"https:\/\/le-campus.org\/blog\/#website","url":"https:\/\/le-campus.org\/blog\/","name":"Le Campus Espace Jeunes","description":"","publisher":{"@id":"https:\/\/le-campus.org\/blog\/#organization"},"potentialAction":[{"@type":"SearchAction","target":{"@type":"EntryPoint","urlTemplate":"https:\/\/le-campus.org\/blog\/?s={search_term_string}"},"query-input":"required name=search_term_string"}],"inLanguage":"fr-FR"},{"@type":"Organization","@id":"https:\/\/le-campus.org\/blog\/#organization","name":"Le Campus Espace Jeunes","url":"https:\/\/le-campus.org\/blog\/","logo":{"@type":"ImageObject","inLanguage":"fr-FR","@id":"https:\/\/le-campus.org\/blog\/#\/schema\/logo\/image\/","url":"https:\/\/i0.wp.com\/le-campus.org\/blog\/wp-content\/uploads\/2016\/09\/cropped-Logo_Long-2.png?fit=285%2C90&ssl=1","contentUrl":"https:\/\/i0.wp.com\/le-campus.org\/blog\/wp-content\/uploads\/2016\/09\/cropped-Logo_Long-2.png?fit=285%2C90&ssl=1","width":285,"height":90,"caption":"Le Campus Espace Jeunes"},"image":{"@id":"https:\/\/le-campus.org\/blog\/#\/schema\/logo\/image\/"},"sameAs":["https:\/\/www.facebook.com\/pages\/Le-Campus-Espace-Jeunes\/357197730957345"]},{"@type":"Person","@id":"https:\/\/le-campus.org\/blog\/#\/schema\/person\/9ced2dad69dc0c691c1bab80d5bcbbd5","name":"Campus","image":{"@type":"ImageObject","inLanguage":"fr-FR","@id":"https:\/\/le-campus.org\/blog\/#\/schema\/person\/image\/","url":"https:\/\/secure.gravatar.com\/avatar\/d7b31ed992c191eca4045bc197fbbba8?s=96&d=mm&r=g","contentUrl":"https:\/\/secure.gravatar.com\/avatar\/d7b31ed992c191eca4045bc197fbbba8?s=96&d=mm&r=g","caption":"Campus"},"sameAs":["http:\/\/www.le-campus.org"],"url":"https:\/\/le-campus.org\/blog\/author\/campus\/"}]}},"jetpack_featured_media_url":"","jetpack_sharing_enabled":true,"jetpack_shortlink":"https:\/\/wp.me\/p7SwBl-16z","jetpack-related-posts":[],"amp_enabled":true,"_links":{"self":[{"href":"https:\/\/le-campus.org\/blog\/wp-json\/wp\/v2\/posts\/4251"}],"collection":[{"href":"https:\/\/le-campus.org\/blog\/wp-json\/wp\/v2\/posts"}],"about":[{"href":"https:\/\/le-campus.org\/blog\/wp-json\/wp\/v2\/types\/post"}],"author":[{"embeddable":true,"href":"https:\/\/le-campus.org\/blog\/wp-json\/wp\/v2\/users\/1"}],"replies":[{"embeddable":true,"href":"https:\/\/le-campus.org\/blog\/wp-json\/wp\/v2\/comments?post=4251"}],"version-history":[{"count":0,"href":"https:\/\/le-campus.org\/blog\/wp-json\/wp\/v2\/posts\/4251\/revisions"}],"wp:attachment":[{"href":"https:\/\/le-campus.org\/blog\/wp-json\/wp\/v2\/media?parent=4251"}],"wp:term":[{"taxonomy":"category","embeddable":true,"href":"https:\/\/le-campus.org\/blog\/wp-json\/wp\/v2\/categories?post=4251"},{"taxonomy":"post_tag","embeddable":true,"href":"https:\/\/le-campus.org\/blog\/wp-json\/wp\/v2\/tags?post=4251"}],"curies":[{"name":"wp","href":"https:\/\/api.w.org\/{rel}","templated":true}]}}