{"id":10236,"date":"2021-05-07T16:14:57","date_gmt":"2021-05-07T14:14:57","guid":{"rendered":"http:\/\/le-campus.org\/blog\/?p=10236"},"modified":"2021-05-07T16:14:58","modified_gmt":"2021-05-07T14:14:58","slug":"inscriptions-sejour-pyrenees-du-19-au-24-juillet-2021","status":"publish","type":"post","link":"https:\/\/le-campus.org\/blog\/2021\/05\/inscriptions-sejour-pyrenees-du-19-au-24-juillet-2021\/","title":{"rendered":"INSCRIPTIONS S\u00e9jour Pyr\u00e9n\u00e9es du 19 au 24 juillet 2021"},"content":{"rendered":"\n<div class=\"o9v6fnle cxmmr5t8 oygrvhab hcukyx3x c1et5uql ii04i59q\">\n<div dir=\"auto\">Pour information, nous ouvrons les inscriptions pour le s\u00e9jour dans les PYRENEES pour les 14-17 ans du 19 au 24 juillet 2021(remplacement s\u00e9jour \u00e0 Lisbonne = cause COVID-19)!<\/div>\n<div dir=\"auto\">Au programme : un s\u00e9jour dans un Camping sous tente\u00a0 avec de multiples activit\u00e9s : rafting , accrobranche, trottinette de montagne, parc animalier\u00a0, randonn\u00e9es\u00a0&#8230;) dans une magnifique r\u00e9gion montagnarde autour d&rsquo;Argeles-Gazost !<\/div>\n<\/div>\n<div class=\"o9v6fnle cxmmr5t8 oygrvhab hcukyx3x c1et5uql ii04i59q\">\n<div dir=\"auto\">Renseignements et inscriptions au Campus ou au 02-51-56-03-66.<\/div>\n<\/div>\n\n\n\n<figure class=\"wp-block-image size-large\"><img data-recalc-dims=\"1\" loading=\"lazy\" decoding=\"async\" width=\"724\" height=\"1024\" src=\"https:\/\/i0.wp.com\/le-campus.org\/blog\/wp-content\/uploads\/2021\/05\/Affiche-sejour-dans-les-pyrenees-page-001.jpg?resize=724%2C1024\" alt=\"\" class=\"wp-image-10237\" srcset=\"https:\/\/i0.wp.com\/le-campus.org\/blog\/wp-content\/uploads\/2021\/05\/Affiche-sejour-dans-les-pyrenees-page-001.jpg?resize=724%2C1024&amp;ssl=1 724w, https:\/\/i0.wp.com\/le-campus.org\/blog\/wp-content\/uploads\/2021\/05\/Affiche-sejour-dans-les-pyrenees-page-001.jpg?resize=212%2C300&amp;ssl=1 212w, https:\/\/i0.wp.com\/le-campus.org\/blog\/wp-content\/uploads\/2021\/05\/Affiche-sejour-dans-les-pyrenees-page-001.jpg?resize=768%2C1086&amp;ssl=1 768w, https:\/\/i0.wp.com\/le-campus.org\/blog\/wp-content\/uploads\/2021\/05\/Affiche-sejour-dans-les-pyrenees-page-001.jpg?resize=1086%2C1536&amp;ssl=1 1086w, https:\/\/i0.wp.com\/le-campus.org\/blog\/wp-content\/uploads\/2021\/05\/Affiche-sejour-dans-les-pyrenees-page-001.jpg?w=1240&amp;ssl=1 1240w\" sizes=\"(max-width: 724px) 100vw, 724px\" \/><\/figure>\n","protected":false},"excerpt":{"rendered":"<p>Pour information, nous ouvrons les inscriptions pour le s\u00e9jour dans les PYRENEES pour les 14-17 ans du 19 au 24 juillet 2021(remplacement s\u00e9jour \u00e0 Lisbonne = cause COVID-19)! Au programme &#8230;<\/p>\n","protected":false},"author":1,"featured_media":10237,"comment_status":"open","ping_status":"open","sticky":false,"template":"","format":"standard","meta":{"jetpack_post_was_ever_published":false,"_jetpack_newsletter_access":"","_jetpack_dont_email_post_to_subs":false,"_jetpack_newsletter_tier_id":0,"_jetpack_memberships_contains_paywalled_content":false,"_jetpack_memberships_contains_paid_content":false,"footnotes":"","jetpack_publicize_message":"","jetpack_publicize_feature_enabled":true,"jetpack_social_post_already_shared":true,"jetpack_social_options":{"image_generator_settings":{"template":"highway","enabled":false},"version":2}},"categories":[32,23],"tags":[],"jetpack_publicize_connections":[],"yoast_head":"<!-- This site is optimized with the Yoast SEO plugin v20.1 - https:\/\/yoast.com\/wordpress\/plugins\/seo\/ -->\n<title>INSCRIPTIONS S\u00e9jour Pyr\u00e9n\u00e9es du 19 au 24 juillet 2021 - Le Campus Espace Jeunes<\/title>\n<meta name=\"robots\" content=\"index, follow, max-snippet:-1, max-image-preview:large, max-video-preview:-1\" \/>\n<link rel=\"canonical\" href=\"https:\/\/le-campus.org\/blog\/2021\/05\/inscriptions-sejour-pyrenees-du-19-au-24-juillet-2021\/\" \/>\n<meta property=\"og:locale\" content=\"fr_FR\" \/>\n<meta property=\"og:type\" content=\"article\" \/>\n<meta property=\"og:title\" content=\"INSCRIPTIONS S\u00e9jour Pyr\u00e9n\u00e9es du 19 au 24 juillet 2021 - Le Campus Espace Jeunes\" \/>\n<meta property=\"og:description\" content=\"Pour information, nous ouvrons les inscriptions pour le s\u00e9jour dans les PYRENEES pour les 14-17 ans du 19 au 24 juillet 2021(remplacement s\u00e9jour \u00e0 Lisbonne = cause COVID-19)! Au programme ...\" \/>\n<meta property=\"og:url\" content=\"https:\/\/le-campus.org\/blog\/2021\/05\/inscriptions-sejour-pyrenees-du-19-au-24-juillet-2021\/\" \/>\n<meta property=\"og:site_name\" content=\"Le Campus Espace Jeunes\" \/>\n<meta property=\"article:publisher\" content=\"https:\/\/www.facebook.com\/pages\/Le-Campus-Espace-Jeunes\/357197730957345\" \/>\n<meta property=\"article:published_time\" content=\"2021-05-07T14:14:57+00:00\" \/>\n<meta property=\"article:modified_time\" content=\"2021-05-07T14:14:58+00:00\" \/>\n<meta property=\"og:image\" content=\"https:\/\/i0.wp.com\/le-campus.org\/blog\/wp-content\/uploads\/2021\/05\/Affiche-sejour-dans-les-pyrenees-page-001.jpg?fit=1240%2C1754&ssl=1\" \/>\n\t<meta property=\"og:image:width\" content=\"1240\" \/>\n\t<meta property=\"og:image:height\" content=\"1754\" \/>\n\t<meta property=\"og:image:type\" content=\"image\/jpeg\" \/>\n<meta name=\"author\" content=\"Campus\" \/>\n<meta name=\"twitter:label1\" content=\"\u00c9crit par\" \/>\n\t<meta name=\"twitter:data1\" content=\"Campus\" \/>\n\t<meta name=\"twitter:label2\" content=\"Dur\u00e9e de lecture estim\u00e9e\" \/>\n\t<meta name=\"twitter:data2\" content=\"1 minute\" \/>\n<script type=\"application\/ld+json\" class=\"yoast-schema-graph\">{\"@context\":\"https:\/\/schema.org\",\"@graph\":[{\"@type\":\"Article\",\"@id\":\"https:\/\/le-campus.org\/blog\/2021\/05\/inscriptions-sejour-pyrenees-du-19-au-24-juillet-2021\/#article\",\"isPartOf\":{\"@id\":\"https:\/\/le-campus.org\/blog\/2021\/05\/inscriptions-sejour-pyrenees-du-19-au-24-juillet-2021\/\"},\"author\":{\"name\":\"Campus\",\"@id\":\"https:\/\/le-campus.org\/blog\/#\/schema\/person\/9ced2dad69dc0c691c1bab80d5bcbbd5\"},\"headline\":\"INSCRIPTIONS S\u00e9jour Pyr\u00e9n\u00e9es du 19 au 24 juillet 2021\",\"datePublished\":\"2021-05-07T14:14:57+00:00\",\"dateModified\":\"2021-05-07T14:14:58+00:00\",\"mainEntityOfPage\":{\"@id\":\"https:\/\/le-campus.org\/blog\/2021\/05\/inscriptions-sejour-pyrenees-du-19-au-24-juillet-2021\/\"},\"wordCount\":78,\"commentCount\":0,\"publisher\":{\"@id\":\"https:\/\/le-campus.org\/blog\/#organization\"},\"articleSection\":[\"Informations\",\"News\"],\"inLanguage\":\"fr-FR\",\"potentialAction\":[{\"@type\":\"CommentAction\",\"name\":\"Comment\",\"target\":[\"https:\/\/le-campus.org\/blog\/2021\/05\/inscriptions-sejour-pyrenees-du-19-au-24-juillet-2021\/#respond\"]}]},{\"@type\":\"WebPage\",\"@id\":\"https:\/\/le-campus.org\/blog\/2021\/05\/inscriptions-sejour-pyrenees-du-19-au-24-juillet-2021\/\",\"url\":\"https:\/\/le-campus.org\/blog\/2021\/05\/inscriptions-sejour-pyrenees-du-19-au-24-juillet-2021\/\",\"name\":\"INSCRIPTIONS S\u00e9jour Pyr\u00e9n\u00e9es du 19 au 24 juillet 2021 - Le Campus Espace Jeunes\",\"isPartOf\":{\"@id\":\"https:\/\/le-campus.org\/blog\/#website\"},\"datePublished\":\"2021-05-07T14:14:57+00:00\",\"dateModified\":\"2021-05-07T14:14:58+00:00\",\"inLanguage\":\"fr-FR\",\"potentialAction\":[{\"@type\":\"ReadAction\",\"target\":[\"https:\/\/le-campus.org\/blog\/2021\/05\/inscriptions-sejour-pyrenees-du-19-au-24-juillet-2021\/\"]}]},{\"@type\":\"WebSite\",\"@id\":\"https:\/\/le-campus.org\/blog\/#website\",\"url\":\"https:\/\/le-campus.org\/blog\/\",\"name\":\"Le Campus Espace Jeunes\",\"description\":\"\",\"publisher\":{\"@id\":\"https:\/\/le-campus.org\/blog\/#organization\"},\"potentialAction\":[{\"@type\":\"SearchAction\",\"target\":{\"@type\":\"EntryPoint\",\"urlTemplate\":\"https:\/\/le-campus.org\/blog\/?s={search_term_string}\"},\"query-input\":\"required name=search_term_string\"}],\"inLanguage\":\"fr-FR\"},{\"@type\":\"Organization\",\"@id\":\"https:\/\/le-campus.org\/blog\/#organization\",\"name\":\"Le Campus Espace Jeunes\",\"url\":\"https:\/\/le-campus.org\/blog\/\",\"logo\":{\"@type\":\"ImageObject\",\"inLanguage\":\"fr-FR\",\"@id\":\"https:\/\/le-campus.org\/blog\/#\/schema\/logo\/image\/\",\"url\":\"https:\/\/i0.wp.com\/le-campus.org\/blog\/wp-content\/uploads\/2016\/09\/cropped-Logo_Long-2.png?fit=285%2C90&ssl=1\",\"contentUrl\":\"https:\/\/i0.wp.com\/le-campus.org\/blog\/wp-content\/uploads\/2016\/09\/cropped-Logo_Long-2.png?fit=285%2C90&ssl=1\",\"width\":285,\"height\":90,\"caption\":\"Le Campus Espace Jeunes\"},\"image\":{\"@id\":\"https:\/\/le-campus.org\/blog\/#\/schema\/logo\/image\/\"},\"sameAs\":[\"https:\/\/www.facebook.com\/pages\/Le-Campus-Espace-Jeunes\/357197730957345\"]},{\"@type\":\"Person\",\"@id\":\"https:\/\/le-campus.org\/blog\/#\/schema\/person\/9ced2dad69dc0c691c1bab80d5bcbbd5\",\"name\":\"Campus\",\"image\":{\"@type\":\"ImageObject\",\"inLanguage\":\"fr-FR\",\"@id\":\"https:\/\/le-campus.org\/blog\/#\/schema\/person\/image\/\",\"url\":\"https:\/\/secure.gravatar.com\/avatar\/d7b31ed992c191eca4045bc197fbbba8?s=96&d=mm&r=g\",\"contentUrl\":\"https:\/\/secure.gravatar.com\/avatar\/d7b31ed992c191eca4045bc197fbbba8?s=96&d=mm&r=g\",\"caption\":\"Campus\"},\"sameAs\":[\"http:\/\/www.le-campus.org\"],\"url\":\"https:\/\/le-campus.org\/blog\/author\/campus\/\"}]}<\/script>\n<!-- \/ Yoast SEO plugin. -->","yoast_head_json":{"title":"INSCRIPTIONS S\u00e9jour Pyr\u00e9n\u00e9es du 19 au 24 juillet 2021 - Le Campus Espace Jeunes","robots":{"index":"index","follow":"follow","max-snippet":"max-snippet:-1","max-image-preview":"max-image-preview:large","max-video-preview":"max-video-preview:-1"},"canonical":"https:\/\/le-campus.org\/blog\/2021\/05\/inscriptions-sejour-pyrenees-du-19-au-24-juillet-2021\/","og_locale":"fr_FR","og_type":"article","og_title":"INSCRIPTIONS S\u00e9jour Pyr\u00e9n\u00e9es du 19 au 24 juillet 2021 - Le Campus Espace Jeunes","og_description":"Pour information, nous ouvrons les inscriptions pour le s\u00e9jour dans les PYRENEES pour les 14-17 ans du 19 au 24 juillet 2021(remplacement s\u00e9jour \u00e0 Lisbonne = cause COVID-19)! Au programme ...","og_url":"https:\/\/le-campus.org\/blog\/2021\/05\/inscriptions-sejour-pyrenees-du-19-au-24-juillet-2021\/","og_site_name":"Le Campus Espace Jeunes","article_publisher":"https:\/\/www.facebook.com\/pages\/Le-Campus-Espace-Jeunes\/357197730957345","article_published_time":"2021-05-07T14:14:57+00:00","article_modified_time":"2021-05-07T14:14:58+00:00","og_image":[{"width":1240,"height":1754,"url":"https:\/\/i0.wp.com\/le-campus.org\/blog\/wp-content\/uploads\/2021\/05\/Affiche-sejour-dans-les-pyrenees-page-001.jpg?fit=1240%2C1754&ssl=1","type":"image\/jpeg"}],"author":"Campus","twitter_misc":{"\u00c9crit par":"Campus","Dur\u00e9e de lecture estim\u00e9e":"1 minute"},"schema":{"@context":"https:\/\/schema.org","@graph":[{"@type":"Article","@id":"https:\/\/le-campus.org\/blog\/2021\/05\/inscriptions-sejour-pyrenees-du-19-au-24-juillet-2021\/#article","isPartOf":{"@id":"https:\/\/le-campus.org\/blog\/2021\/05\/inscriptions-sejour-pyrenees-du-19-au-24-juillet-2021\/"},"author":{"name":"Campus","@id":"https:\/\/le-campus.org\/blog\/#\/schema\/person\/9ced2dad69dc0c691c1bab80d5bcbbd5"},"headline":"INSCRIPTIONS S\u00e9jour Pyr\u00e9n\u00e9es du 19 au 24 juillet 2021","datePublished":"2021-05-07T14:14:57+00:00","dateModified":"2021-05-07T14:14:58+00:00","mainEntityOfPage":{"@id":"https:\/\/le-campus.org\/blog\/2021\/05\/inscriptions-sejour-pyrenees-du-19-au-24-juillet-2021\/"},"wordCount":78,"commentCount":0,"publisher":{"@id":"https:\/\/le-campus.org\/blog\/#organization"},"articleSection":["Informations","News"],"inLanguage":"fr-FR","potentialAction":[{"@type":"CommentAction","name":"Comment","target":["https:\/\/le-campus.org\/blog\/2021\/05\/inscriptions-sejour-pyrenees-du-19-au-24-juillet-2021\/#respond"]}]},{"@type":"WebPage","@id":"https:\/\/le-campus.org\/blog\/2021\/05\/inscriptions-sejour-pyrenees-du-19-au-24-juillet-2021\/","url":"https:\/\/le-campus.org\/blog\/2021\/05\/inscriptions-sejour-pyrenees-du-19-au-24-juillet-2021\/","name":"INSCRIPTIONS S\u00e9jour Pyr\u00e9n\u00e9es du 19 au 24 juillet 2021 - Le Campus Espace Jeunes","isPartOf":{"@id":"https:\/\/le-campus.org\/blog\/#website"},"datePublished":"2021-05-07T14:14:57+00:00","dateModified":"2021-05-07T14:14:58+00:00","inLanguage":"fr-FR","potentialAction":[{"@type":"ReadAction","target":["https:\/\/le-campus.org\/blog\/2021\/05\/inscriptions-sejour-pyrenees-du-19-au-24-juillet-2021\/"]}]},{"@type":"WebSite","@id":"https:\/\/le-campus.org\/blog\/#website","url":"https:\/\/le-campus.org\/blog\/","name":"Le Campus Espace Jeunes","description":"","publisher":{"@id":"https:\/\/le-campus.org\/blog\/#organization"},"potentialAction":[{"@type":"SearchAction","target":{"@type":"EntryPoint","urlTemplate":"https:\/\/le-campus.org\/blog\/?s={search_term_string}"},"query-input":"required name=search_term_string"}],"inLanguage":"fr-FR"},{"@type":"Organization","@id":"https:\/\/le-campus.org\/blog\/#organization","name":"Le Campus Espace Jeunes","url":"https:\/\/le-campus.org\/blog\/","logo":{"@type":"ImageObject","inLanguage":"fr-FR","@id":"https:\/\/le-campus.org\/blog\/#\/schema\/logo\/image\/","url":"https:\/\/i0.wp.com\/le-campus.org\/blog\/wp-content\/uploads\/2016\/09\/cropped-Logo_Long-2.png?fit=285%2C90&ssl=1","contentUrl":"https:\/\/i0.wp.com\/le-campus.org\/blog\/wp-content\/uploads\/2016\/09\/cropped-Logo_Long-2.png?fit=285%2C90&ssl=1","width":285,"height":90,"caption":"Le Campus Espace Jeunes"},"image":{"@id":"https:\/\/le-campus.org\/blog\/#\/schema\/logo\/image\/"},"sameAs":["https:\/\/www.facebook.com\/pages\/Le-Campus-Espace-Jeunes\/357197730957345"]},{"@type":"Person","@id":"https:\/\/le-campus.org\/blog\/#\/schema\/person\/9ced2dad69dc0c691c1bab80d5bcbbd5","name":"Campus","image":{"@type":"ImageObject","inLanguage":"fr-FR","@id":"https:\/\/le-campus.org\/blog\/#\/schema\/person\/image\/","url":"https:\/\/secure.gravatar.com\/avatar\/d7b31ed992c191eca4045bc197fbbba8?s=96&d=mm&r=g","contentUrl":"https:\/\/secure.gravatar.com\/avatar\/d7b31ed992c191eca4045bc197fbbba8?s=96&d=mm&r=g","caption":"Campus"},"sameAs":["http:\/\/www.le-campus.org"],"url":"https:\/\/le-campus.org\/blog\/author\/campus\/"}]}},"jetpack_featured_media_url":"https:\/\/i0.wp.com\/le-campus.org\/blog\/wp-content\/uploads\/2021\/05\/Affiche-sejour-dans-les-pyrenees-page-001.jpg?fit=1240%2C1754&ssl=1","jetpack_sharing_enabled":true,"jetpack_shortlink":"https:\/\/wp.me\/p7SwBl-2F6","jetpack-related-posts":[],"amp_enabled":true,"_links":{"self":[{"href":"https:\/\/le-campus.org\/blog\/wp-json\/wp\/v2\/posts\/10236"}],"collection":[{"href":"https:\/\/le-campus.org\/blog\/wp-json\/wp\/v2\/posts"}],"about":[{"href":"https:\/\/le-campus.org\/blog\/wp-json\/wp\/v2\/types\/post"}],"author":[{"embeddable":true,"href":"https:\/\/le-campus.org\/blog\/wp-json\/wp\/v2\/users\/1"}],"replies":[{"embeddable":true,"href":"https:\/\/le-campus.org\/blog\/wp-json\/wp\/v2\/comments?post=10236"}],"version-history":[{"count":0,"href":"https:\/\/le-campus.org\/blog\/wp-json\/wp\/v2\/posts\/10236\/revisions"}],"wp:featuredmedia":[{"embeddable":true,"href":"https:\/\/le-campus.org\/blog\/wp-json\/wp\/v2\/media\/10237"}],"wp:attachment":[{"href":"https:\/\/le-campus.org\/blog\/wp-json\/wp\/v2\/media?parent=10236"}],"wp:term":[{"taxonomy":"category","embeddable":true,"href":"https:\/\/le-campus.org\/blog\/wp-json\/wp\/v2\/categories?post=10236"},{"taxonomy":"post_tag","embeddable":true,"href":"https:\/\/le-campus.org\/blog\/wp-json\/wp\/v2\/tags?post=10236"}],"curies":[{"name":"wp","href":"https:\/\/api.w.org\/{rel}","templated":true}]}}